{"id":653951,"date":"2025-12-18T00:20:32","date_gmt":"2025-12-18T00:20:32","guid":{"rendered":"https:\/\/www.europesays.com\/de\/653951\/"},"modified":"2025-12-18T00:20:32","modified_gmt":"2025-12-18T00:20:32","slug":"ukraine-news-kremlsprecher-peskow-nennt-internationale-friedenstruppe-verhandelbar","status":"publish","type":"post","link":"https:\/\/www.europesays.com\/de\/653951\/","title":{"rendered":"Ukraine-News: Kremlsprecher Peskow nennt internationale Friedenstruppe verhandelbar"},"content":{"rendered":"<p>12:09 Uhr | Kreml r\u00fcckt von striktem Nein zu ausl\u00e4ndischer Friedenstruppe ab<\/p>\n<p class=\"text\">\nDer Kreml hat Verhandlungsbereitschaft in der Frage einer multinationalen Friedenstruppe in der Ukraine angedeutet. Regierungssprecher Dmitri Peskow sagte, Russland sei zwar im Grundsatz dagegen, erg\u00e4nzte aber: &#8222;Das ist Thema der Verhandlungen.&#8220; Bisher hatte Moskau die Stationierung internationaler Streitkr\u00e4fte und speziell von Nato-Soldaten strikt abgelehnt und mit Angriffen auf diese Truppen gedroht. <\/p>\n<p>Der Vorschlag einer internationalen Friedensmission war bei den Gespr\u00e4chen in Berlin zwischen den USA, Europ\u00e4ern und Ukrainern wieder aufgekommen. Die m\u00f6gliche Zusammensetzung ist offen. Die Truppe soll die Einhaltung eines Waffenstillstands in der Ukraine \u00fcberwachen. Im Gegenzug soll die Ukraine auf die angestrebte Nato-Mitgliedschaft verzichten. (Quelle: dpa)\n<\/p>\n<p>10:28 Uhr | <a name=\"angriffe-auf-russlands-energieinfrastruktur-strom\">Ukraine<\/a> verst\u00e4rkt Angriffe auf russische Energieinfrastruktur<\/p>\n<p class=\"text\">\nIn Russland und der Ukraine sind in der Nacht mehrere Menschen bei gegenseitigen Drohnenangriffen verletzt worden. Die Beh\u00f6rden der s\u00fcdrussischen Region Krasnodar meldeten zwei Verletzte durch herabfallende Drohnentr\u00fcmmer. Im Landkreis Slawjansk seien mehrere Wohnh\u00e4user besch\u00e4digt worden. Getroffen wurden demnach auch zwei Starkstromleitungen. Rund 13.000 Menschen in der Region seien ohne Strom. Zudem best\u00e4tigten russische Beh\u00f6rden einen Einschlag in der Raffinerie in Slawjansk-na-Kubani. Der ukrainische Generalstab meldete auch einen Treffer gegen eine \u00d6l-Basis in der Region Rostow. <\/p>\n<p>In der s\u00fcdukrainischen Stadt Cherson wurden zwei Verletzte nach einer russischen Drohnenattacke ins Krankenhaus eingeliefert. Der Angriff ereignete sich laut Beh\u00f6rden am sp\u00e4ten Abend. (Quellen: dpa\/Reuters)\n<\/p>\n<p>06:35 Uhr | Schwedische <a name=\"Schwedische-Marine-Soldaten-auf-russischen-Schattentankern\">Marine<\/a>: Milit\u00e4r an Bord russischer Schattenflotte \u2013 hunderte Schiffe in Ostsee<\/p>\n<p class=\"text\">\nDie schwedische Marine hat uniformierte Milit\u00e4rangeh\u00f6rige auf einigen Schiffen der russischen Schattenflotte in der Ostsee gesichtet. Marine-Operationschef Marko Petkovic sagte dem \u00f6ffentlich-rechtlichen Sender SVT: &#8222;Wir haben gesehen und Informationen erhalten, dass russisches uniformiertes Personal an Bord einiger der Schiffe der Schattenflotte pr\u00e4sent ist.&#8220;<\/p>\n<p>Die schwedische K\u00fcstenwache best\u00e4tigte au\u00dferdem SVT-Berichte, wonach die russische Ostseeflotte eine &#8222;ziemlich konstante Pr\u00e4senz&#8220; in mehreren Sonderzonen entlang der Schifffahrtsrouten zeige. Laut einem Bericht der schwedischen K\u00fcstenwache von Anfang Dezember operieren derzeit zwischen 500 und 1.000 Schiffe der russischen Schattenflotte in der Ostsee, darunter \u00fcber 300 unter falscher Flagge. Moskau verst\u00e4rke seine Pr\u00e4senz in der Region kontinuierlich.\u00a0(Quelle: Ukrinform)<\/p>\n","protected":false},"excerpt":{"rendered":"12:09 Uhr | Kreml r\u00fcckt von striktem Nein zu ausl\u00e4ndischer Friedenstruppe ab Der Kreml hat Verhandlungsbereitschaft in der&hellip;\n","protected":false},"author":2,"featured_media":653952,"comment_status":"","ping_status":"","sticky":false,"template":"","format":"standard","meta":{"footnotes":""},"categories":[4013],"tags":[331,332,685,663,106913,13,21619,4046,81,451,14,1159,15,111,4043,4044,850,307,859,860,15048,12,1319,6473,861,317,103],"class_list":{"0":"post-653951","1":"post","2":"type-post","3":"status-publish","4":"format-standard","5":"has-post-thumbnail","7":"category-russland","8":"tag-aktuelle-nachrichten","9":"tag-aktuelle-news","10":"tag-bundeswehr","11":"tag-europa","12":"tag-friedensmission","13":"tag-headlines","14":"tag-klingbeil","15":"tag-krieg","16":"tag-mdr","17":"tag-militaer","18":"tag-nachrichten","19":"tag-nato","20":"tag-news","21":"tag-putin","22":"tag-russia","23":"tag-russian-federation","24":"tag-russische-foederation","25":"tag-russland","26":"tag-sachsen","27":"tag-sachsen-anhalt","28":"tag-schattenflotte","29":"tag-schlagzeilen","30":"tag-schweden","31":"tag-sicherheitspolitik","32":"tag-thueringen","33":"tag-ukraine","34":"tag-welt"},"share_on_mastodon":{"url":"https:\/\/pubeurope.com\/@de\/115737711285335084","error":""},"_links":{"self":[{"href":"https:\/\/www.europesays.com\/de\/wp-json\/wp\/v2\/posts\/653951","targetHints":{"allow":["GET"]}}],"collection":[{"href":"https:\/\/www.europesays.com\/de\/wp-json\/wp\/v2\/posts"}],"about":[{"href":"https:\/\/www.europesays.com\/de\/wp-json\/wp\/v2\/types\/post"}],"author":[{"embeddable":true,"href":"https:\/\/www.europesays.com\/de\/wp-json\/wp\/v2\/users\/2"}],"replies":[{"embeddable":true,"href":"https:\/\/www.europesays.com\/de\/wp-json\/wp\/v2\/comments?post=653951"}],"version-history":[{"count":0,"href":"https:\/\/www.europesays.com\/de\/wp-json\/wp\/v2\/posts\/653951\/revisions"}],"wp:featuredmedia":[{"embeddable":true,"href":"https:\/\/www.europesays.com\/de\/wp-json\/wp\/v2\/media\/653952"}],"wp:attachment":[{"href":"https:\/\/www.europesays.com\/de\/wp-json\/wp\/v2\/media?parent=653951"}],"wp:term":[{"taxonomy":"category","embeddable":true,"href":"https:\/\/www.europesays.com\/de\/wp-json\/wp\/v2\/categories?post=653951"},{"taxonomy":"post_tag","embeddable":true,"href":"https:\/\/www.europesays.com\/de\/wp-json\/wp\/v2\/tags?post=653951"}],"curies":[{"name":"wp","href":"https:\/\/api.w.org\/{rel}","templated":true}]}}