{"id":654001,"date":"2025-12-18T00:52:11","date_gmt":"2025-12-18T00:52:11","guid":{"rendered":"https:\/\/www.europesays.com\/de\/654001\/"},"modified":"2025-12-18T00:52:11","modified_gmt":"2025-12-18T00:52:11","slug":"weihnachten-silvester-2025-26-duesseldorf-diese-rheinbahnlinien-fahren-haeufiger","status":"publish","type":"post","link":"https:\/\/www.europesays.com\/de\/654001\/","title":{"rendered":"Weihnachten &#038; Silvester 2025\/26 D\u00fcsseldorf: Diese Rheinbahnlinien fahren h\u00e4ufiger"},"content":{"rendered":"<p class=\"text_ohne_einzug richtext text-em-55 !leading-serif mx-6 desktop:mx-0\">An den Weihnachtsfeiertagen, <a href=\"https:\/\/rp-online.de\/thema\/silvester\/\" rel=\"nofollow noopener\" target=\"_blank\">Silvester<\/a> und <a href=\"https:\/\/rp-online.de\/thema\/neujahr\/\" rel=\"nofollow noopener\" target=\"_blank\">Neujahr<\/a> k\u00f6nnen alle, die in <a href=\"https:\/\/rp-online.de\/thema\/duesseldorf\/\" rel=\"nofollow noopener\" target=\"_blank\">D\u00fcsseldorf<\/a> unterwegs sind, um etwa bei Freunden oder der Familie zu feiern, ihr Auto getrost zu Hause stehen lassen. Viele Busse und Bahnen der <a href=\"https:\/\/rp-online.de\/thema\/rheinbahn\/\" rel=\"nofollow noopener\" target=\"_blank\">Rheinbahn<\/a> fahren an den Tagen nachts nach einem deutlich erweiterten Fahrplan.<\/p>\n<p class=\"richtext text-em-55 !leading-serif mx-6 desktop:mx-0\">Die Rheinbahn bewirbt das Angebot mit dem Spruch: \u201eWir fahren, Ihr weihnachtet!\u201c Welche Busse und Bahnen wann fahren, zeigt unser \u00dcberblick.<\/p>\n<p class=\"text_ohne_einzug richtext text-em-55 !leading-serif mx-6 desktop:mx-0\">Am 24. Dezember gilt bis gegen 19 Uhr auf den meisten Linien der Samstagsfahrplan. Im Anschluss daran, von 19.30 Uhr bis gegen 5 Uhr am n\u00e4chsten Morgen, ist der Nacht-Express im Einsatz, auf den Stadtbahnlinien U72, U75, U76 und <a href=\"https:\/\/rp-online.de\/thema\/u79\/\" rel=\"nofollow noopener\" target=\"_blank\">U79<\/a> alle 30 Minuten und auf den Buslinien NE1 bis NE8, DL1 und DL4 bis DL6 alle 60 Minuten.<\/p>\n<p class=\"richtext text-em-55 !leading-serif mx-6 desktop:mx-0\">Am 25. Dezember ab 5 Uhr gilt der Sonntagsfahrplan. Die Stadtbahnlinie U79 endet in Richtung <a href=\"https:\/\/rp-online.de\/thema\/duisburg\/\" rel=\"nofollow noopener\" target=\"_blank\">Duisburg<\/a> bis 7.30 Uhr an der Haltestelle \u201eWittlaer\u201c. In der folgenden Nacht gilt das regul\u00e4re Nacht-Express-Angebot wie am Wochenende<\/p>\n<p class=\"richtext text-em-55 !leading-serif mx-6 desktop:mx-0\">Am 26. Dezember sind alle Linien nach dem Sonntagsfahrplan im Einsatz. In der folgenden Nacht gilt auch hier das regul\u00e4re Nacht-Express-Angebot wie am Wochenende.<\/p>\n<p class=\"richtext text-em-55 !leading-serif mx-6 desktop:mx-0\">Am Mittwoch, 31. Dezember 2025, gilt tags\u00fcber der Samstagsfahrplan, ab 21 Uhr dann auf vielen Linien bis 5 Uhr am n\u00e4chsten Morgen ein spezieller Silvester-Fahrplan. Die Linie U76 wird im Nacht-Express bis \u201eKrefeld, Rheinstra\u00dfe\u201c verl\u00e4ngert, die Linie U79 f\u00e4hrt im 60-Minuten-Takt nach Duisburg. Daran schlie\u00dft sich am Donnerstag, 1. Januar 2026, ab 5 Uhr nahtlos der Sonntagsfahrplan an. Die Linie U79 endet in Richtung Duisburg bis etwa 7.30 Uhr bereits in Wittlaer.<\/p>\n<p class=\"richtext text-em-55 !leading-serif mx-6 desktop:mx-0\">Die Kundenzentren der Rheinbahn sind an <a href=\"https:\/\/rp-online.de\/thema\/heiligabend\/\" rel=\"nofollow noopener\" target=\"_blank\">Heiligabend<\/a> und Silvester geschlossen.<\/p>\n<p>Rheinbahn-Fahrplan in den Schulferien      <\/p>\n<p class=\"richtext text-em-55 !leading-serif mx-6 desktop:mx-0\">W\u00e4hrend der Weihnachtsferien fahren einige Rheinbahn-Linien nach einem speziellen Ferienfahrplan, der die geringere Anzahl an Fahrg\u00e4sten ber\u00fccksichtigt. Die Pl\u00e4ne h\u00e4ngen an allen betroffenen Haltestellen aus und sind gr\u00fcn gestaltet.<\/p>\n<p class=\"richtext text-em-55 !leading-serif mx-6 desktop:mx-0\">Von Samstag, 20. Dezember 2025, bis Dienstag, 6. Januar 2026, gilt der Ferienfahrplan auf folgenden Linien: U76, 708, 709, SB50, SB55, O1, 724, 733, 737, 741, 742, 747, 748, 749, 751, 759, 760, 761, 771, 773, 774, 781, 783, 785, 789, 790, 792 und 832. Die Zusatzfahrten (E-Busse) entfallen, die Linie 829 f\u00e4hrt nicht.<\/p>\n<p class=\"richtext text-em-55 !leading-serif mx-6 desktop:mx-0\">Alle ge\u00e4nderten Fahrten sind in der Fahrplanauskunft und in der Rheinbahn-App hinterlegt. Fragen zum Fahrplan werden rund um die Uhr unter der Nummer 0800 6504030 beantwortet.<\/p>\n","protected":false},"excerpt":{"rendered":"An den Weihnachtsfeiertagen, Silvester und Neujahr k\u00f6nnen alle, die in D\u00fcsseldorf unterwegs sind, um etwa bei Freunden oder&hellip;\n","protected":false},"author":2,"featured_media":654002,"comment_status":"","ping_status":"","sticky":false,"template":"","format":"standard","meta":{"footnotes":"","_share_on_mastodon":"0"},"categories":[1831],"tags":[153133,5114,6844,1739,97543,3364,29,3405,12262,14303,69369,21075,30,153132,5527,42452,153136,5315,1209,4102,153134,14129,153137,153135,26090,14808,9717,148931,151986],"class_list":["post-654001","post","type-post","status-publish","format-standard","has-post-thumbnail","category-duesseldorf","tag-40rheinbahn","tag-angebot","tag-app","tag-bahn","tag-buslinien","tag-de","tag-deutschland","tag-duesseldorf","tag-faehren","tag-fahrplan","tag-fahrplanauskunft","tag-feiertagen","tag-germany","tag-getrost","tag-heiligabend","tag-linien","tag-luftlinienkilometern","tag-nachts","tag-nordrhein-westfalen","tag-rheinbahn","tag-rheinbahnlinien","tag-samstag","tag-samstagsfahrplan","tag-sonntagsfahrplan","tag-stadtbahnlinie","tag-tagen","tag-uhr","tag-weihnachtsfeiertagen","tag-weihnachtstag"],"share_on_mastodon":{"url":"https:\/\/pubeurope.com\/@de\/115737838010243427","error":""},"_links":{"self":[{"href":"https:\/\/www.europesays.com\/de\/wp-json\/wp\/v2\/posts\/654001","targetHints":{"allow":["GET"]}}],"collection":[{"href":"https:\/\/www.europesays.com\/de\/wp-json\/wp\/v2\/posts"}],"about":[{"href":"https:\/\/www.europesays.com\/de\/wp-json\/wp\/v2\/types\/post"}],"author":[{"embeddable":true,"href":"https:\/\/www.europesays.com\/de\/wp-json\/wp\/v2\/users\/2"}],"replies":[{"embeddable":true,"href":"https:\/\/www.europesays.com\/de\/wp-json\/wp\/v2\/comments?post=654001"}],"version-history":[{"count":0,"href":"https:\/\/www.europesays.com\/de\/wp-json\/wp\/v2\/posts\/654001\/revisions"}],"wp:featuredmedia":[{"embeddable":true,"href":"https:\/\/www.europesays.com\/de\/wp-json\/wp\/v2\/media\/654002"}],"wp:attachment":[{"href":"https:\/\/www.europesays.com\/de\/wp-json\/wp\/v2\/media?parent=654001"}],"wp:term":[{"taxonomy":"category","embeddable":true,"href":"https:\/\/www.europesays.com\/de\/wp-json\/wp\/v2\/categories?post=654001"},{"taxonomy":"post_tag","embeddable":true,"href":"https:\/\/www.europesays.com\/de\/wp-json\/wp\/v2\/tags?post=654001"}],"curies":[{"name":"wp","href":"https:\/\/api.w.org\/{rel}","templated":true}]}}