{"id":654120,"date":"2025-12-18T01:57:17","date_gmt":"2025-12-18T01:57:17","guid":{"rendered":"https:\/\/www.europesays.com\/de\/654120\/"},"modified":"2025-12-18T01:57:17","modified_gmt":"2025-12-18T01:57:17","slug":"ehrenamtliche-fuer-die-hospizarbeit-gesucht","status":"publish","type":"post","link":"https:\/\/www.europesays.com\/de\/654120\/","title":{"rendered":"Ehrenamtliche f\u00fcr die Hospizarbeit gesucht"},"content":{"rendered":"<p>            <a href=\"https:\/\/lokalklick.eu\/wp-content\/uploads\/2025\/12\/MO_Claudia-Moeller-Kopie-002.jpg\" data-caption=\"Claudia M\u00f6ller, Leitung des Ambulanten Hospizdienstes Bethanien Moers, freut sich \u00fcber weitere Teilnehmer:innen f\u00fcr den Bef\u00e4higungskurs zur ambulanten Hospizarbeit (Foto: Bethanien)\" target=\"_blank\" rel=\"noopener\"><img loading=\"lazy\" decoding=\"async\" width=\"696\" height=\"437\" class=\"entry-thumb td-modal-image\" src=\"https:\/\/www.europesays.com\/de\/wp-content\/uploads\/2025\/12\/MO_Claudia-Moeller-Kopie-002-696x437.jpg\"   alt=\"\" title=\"MO_Claudia Moeller Kopie 002\"\/><\/a>Claudia M\u00f6ller, Leitung des Ambulanten Hospizdienstes Bethanien Moers, freut sich \u00fcber weitere Teilnehmer:innen f\u00fcr den Bef\u00e4higungskurs zur ambulanten Hospizarbeit (Foto: Bethanien)<br \/>\n            Anzeigen<a href=\"https:\/\/www.st-augustinus-kliniken.de\/\" target=\"_blank\" rel=\"noopener\"><img decoding=\"async\" src=\"https:\/\/www.europesays.com\/de\/wp-content\/uploads\/2025\/11\/221124-Banner-Advent-2184x810-TR-V01-RZ.jpg\"\/><\/a><\/p>\n<p><\/p>\n<p><a href=\"https:\/\/www.ebe-essen.de\/\" target=\"_blank\" rel=\"noopener\"><img decoding=\"async\" src=\"https:\/\/www.europesays.com\/de\/wp-content\/uploads\/2025\/12\/E_Anzeige_EBE_Lokalklick_1456x540_Weihnachten.jpg\"\/><\/a><\/p>\n<p><\/p>\n<p><strong>Moers. <\/strong>Schwerstkranke oder sterbende Menschen und ihre Zugeh\u00f6rigen in den schweren Stunden zu begleiten, erfordert nicht nur ein besonderes Fingerspitzengef\u00fchl. Es ist f\u00fcr viele auch\u00a0eine sinnstiftende Lebensaufgabe. Das Team des Ambulanten Hospizdienstes Bethanien aus Moers geht dieser Arbeit professionell und einf\u00fchlsam nach.<\/p>\n<p>Wer sich ebenfalls im Rahmen der Hospizarbeit ehrenamtlich engagieren m\u00f6chte, ist herzlich eingeladen, sich bei Claudia M\u00f6ller telefonisch unter +49 (0) 2841 200 2140 oder per E-Mail an\u00a0<a href=\"https:\/\/lokalklick.eu\/2025\/12\/18\/ehrenamtliche-fuer-die-hospizarbeit-gesucht\/mailto:claudia.moeller@bethanienmoers.de\" target=\"_blank\" rel=\"noopener noreferrer\">claudia.moeller@bethanienmoers.de<\/a> zu melden.<\/p>\n<p>F\u00fcr den n\u00e4chsten Qualifizierungskurs, der Anfang 2026 startet, sind noch einige wenige Pl\u00e4tze frei. Den rund 100-st\u00fcndigen Kurs durchlaufen alle Ehrenamtlichen, bevor sie ihre T\u00e4tigkeit im Ambulanten Hospizdienst aufnehmen k\u00f6nnen.<\/p>\n","protected":false},"excerpt":{"rendered":"Claudia M\u00f6ller, Leitung des Ambulanten Hospizdienstes Bethanien Moers, freut sich \u00fcber weitere Teilnehmer:innen f\u00fcr den Bef\u00e4higungskurs zur ambulanten&hellip;\n","protected":false},"author":2,"featured_media":654121,"comment_status":"","ping_status":"","sticky":false,"template":"","format":"standard","meta":{"footnotes":""},"categories":[1838],"tags":[3364,29,3715,30,1209],"class_list":{"0":"post-654120","1":"post","2":"type-post","3":"status-publish","4":"format-standard","5":"has-post-thumbnail","7":"category-duisburg","8":"tag-de","9":"tag-deutschland","10":"tag-duisburg","11":"tag-germany","12":"tag-nordrhein-westfalen"},"share_on_mastodon":{"url":"https:\/\/pubeurope.com\/@de\/115738093440905072","error":""},"_links":{"self":[{"href":"https:\/\/www.europesays.com\/de\/wp-json\/wp\/v2\/posts\/654120","targetHints":{"allow":["GET"]}}],"collection":[{"href":"https:\/\/www.europesays.com\/de\/wp-json\/wp\/v2\/posts"}],"about":[{"href":"https:\/\/www.europesays.com\/de\/wp-json\/wp\/v2\/types\/post"}],"author":[{"embeddable":true,"href":"https:\/\/www.europesays.com\/de\/wp-json\/wp\/v2\/users\/2"}],"replies":[{"embeddable":true,"href":"https:\/\/www.europesays.com\/de\/wp-json\/wp\/v2\/comments?post=654120"}],"version-history":[{"count":0,"href":"https:\/\/www.europesays.com\/de\/wp-json\/wp\/v2\/posts\/654120\/revisions"}],"wp:featuredmedia":[{"embeddable":true,"href":"https:\/\/www.europesays.com\/de\/wp-json\/wp\/v2\/media\/654121"}],"wp:attachment":[{"href":"https:\/\/www.europesays.com\/de\/wp-json\/wp\/v2\/media?parent=654120"}],"wp:term":[{"taxonomy":"category","embeddable":true,"href":"https:\/\/www.europesays.com\/de\/wp-json\/wp\/v2\/categories?post=654120"},{"taxonomy":"post_tag","embeddable":true,"href":"https:\/\/www.europesays.com\/de\/wp-json\/wp\/v2\/tags?post=654120"}],"curies":[{"name":"wp","href":"https:\/\/api.w.org\/{rel}","templated":true}]}}