{"id":654211,"date":"2025-12-18T02:52:16","date_gmt":"2025-12-18T02:52:16","guid":{"rendered":"https:\/\/www.europesays.com\/de\/654211\/"},"modified":"2025-12-18T02:52:16","modified_gmt":"2025-12-18T02:52:16","slug":"in-viersen-steigen-ab-januar-2026-die-staedtischen-gebuehren","status":"publish","type":"post","link":"https:\/\/www.europesays.com\/de\/654211\/","title":{"rendered":"In Viersen steigen ab Januar 2026 die st\u00e4dtischen Geb\u00fchren"},"content":{"rendered":"<p class=\"text_ohne_einzug richtext text-em-55 !leading-serif mx-6 desktop:mx-0\"> Es ist ein allj\u00e4hrlich wiederkehrendes Prozedere: In seiner letzten Sitzung vor der Weihnachtspause beschlie\u00dft der Viersener Stadtrat die Geb\u00fchrentarife f\u00fcr das neue Jahr. Selten wird es dabei preiswerter f\u00fcr die B\u00fcrgerinnen und B\u00fcrger. Sie m\u00fcssen sich 2026 wieder auf Mehrkosten einstellen. Die Anpassunge der Geb\u00fchren wurde von der Politik mit gro\u00dfer Mehrheit auf den Weg gebracht. Sie tritt am 1. Januar 2026 in Kraft.<\/p>\n","protected":false},"excerpt":{"rendered":"Es ist ein allj\u00e4hrlich wiederkehrendes Prozedere: In seiner letzten Sitzung vor der Weihnachtspause beschlie\u00dft der Viersener Stadtrat die&hellip;\n","protected":false},"author":2,"featured_media":654212,"comment_status":"","ping_status":"","sticky":false,"template":"","format":"standard","meta":{"footnotes":""},"categories":[1849],"tags":[43631,242,142645,11235,120045,82082,153172,153174,3364,153177,29,153175,153173,153176,153182,548,4788,663,3934,120046,33283,153179,153178,153180,130981,153168,153171,30,13,153166,2985,153167,63149,4455,146712,14,15,1209,70505,12,153181,153170,18183,153169],"class_list":{"0":"post-654211","1":"post","2":"type-post","3":"status-publish","4":"format-standard","5":"has-post-thumbnail","7":"category-moenchengladbach","8":"tag-kostensteigerung","9":"tag-242","10":"tag-abfallgebuehren","11":"tag-abwasser","12":"tag-abwassergebuehren","13":"tag-behaelter","14":"tag-behaeltergebuehren","15":"tag-behaelterkosten","16":"tag-de","17":"tag-deponiegebuehren","18":"tag-deutschland","19":"tag-einzelgebuehren","20":"tag-entleerungsgebuehren","21":"tag-entleerungskosten","22":"tag-entsorgungskosten","23":"tag-eu","24":"tag-euro","25":"tag-europa","26":"tag-europe","27":"tag-friedhofsgebuehren","28":"tag-gebuehr","29":"tag-gebuehrenaufkommen","30":"tag-gebuehrenbedarf","31":"tag-gebuehrensatz","32":"tag-gebuehrensaetze","33":"tag-gebuehrentarife","34":"tag-gebuehrenwert","35":"tag-germany","36":"tag-headlines","37":"tag-kalkuliert","38":"tag-kosten","39":"tag-kubikmeter","40":"tag-mehrkosten","41":"tag-moenchengladbach","42":"tag-muellgebuehren","43":"tag-nachrichten","44":"tag-news","45":"tag-nordrhein-westfalen","46":"tag-personalkosten","47":"tag-schlagzeilen","48":"tag-strassenreinigungsgebuehren","49":"tag-unterhaltungskosten","50":"tag-viersen","51":"tag-viersenerinnen"},"share_on_mastodon":{"url":"","error":"Validation failed: Text character limit of 500 exceeded"},"_links":{"self":[{"href":"https:\/\/www.europesays.com\/de\/wp-json\/wp\/v2\/posts\/654211","targetHints":{"allow":["GET"]}}],"collection":[{"href":"https:\/\/www.europesays.com\/de\/wp-json\/wp\/v2\/posts"}],"about":[{"href":"https:\/\/www.europesays.com\/de\/wp-json\/wp\/v2\/types\/post"}],"author":[{"embeddable":true,"href":"https:\/\/www.europesays.com\/de\/wp-json\/wp\/v2\/users\/2"}],"replies":[{"embeddable":true,"href":"https:\/\/www.europesays.com\/de\/wp-json\/wp\/v2\/comments?post=654211"}],"version-history":[{"count":0,"href":"https:\/\/www.europesays.com\/de\/wp-json\/wp\/v2\/posts\/654211\/revisions"}],"wp:featuredmedia":[{"embeddable":true,"href":"https:\/\/www.europesays.com\/de\/wp-json\/wp\/v2\/media\/654212"}],"wp:attachment":[{"href":"https:\/\/www.europesays.com\/de\/wp-json\/wp\/v2\/media?parent=654211"}],"wp:term":[{"taxonomy":"category","embeddable":true,"href":"https:\/\/www.europesays.com\/de\/wp-json\/wp\/v2\/categories?post=654211"},{"taxonomy":"post_tag","embeddable":true,"href":"https:\/\/www.europesays.com\/de\/wp-json\/wp\/v2\/tags?post=654211"}],"curies":[{"name":"wp","href":"https:\/\/api.w.org\/{rel}","templated":true}]}}