{"id":654214,"date":"2025-12-18T02:54:23","date_gmt":"2025-12-18T02:54:23","guid":{"rendered":"https:\/\/www.europesays.com\/de\/654214\/"},"modified":"2025-12-18T02:54:23","modified_gmt":"2025-12-18T02:54:23","slug":"gaensebratenvernichtungslauf-findet-wieder-in-wiesbaden-statt","status":"publish","type":"post","link":"https:\/\/www.europesays.com\/de\/654214\/","title":{"rendered":"\u201eG\u00e4nsebratenvernichtungslauf\u201c findet wieder in Wiesbaden statt"},"content":{"rendered":"<p>Am zweiten Weihnachtsfeiertag, Freitag dem 26. Dezember, findet in Wiesbaden wieder der G\u00e4nsebratenvernichtungslauf statt. Das teilt der Veranstalter LC Olympia Wiesbaden e.V. mit.<\/p>\n<p>Der Rundlauf startet um 11 Uhr an der Talstation der Nerobergbahn. Es geht laut Veranstaltern nicht um H\u00f6chstleistung, sondern um die gemeinsame Bewegung nach den Feiertagen, weshalb auch keine offizielle Zeiten gestoppt werden. Die etwa acht Kilometer lange Strecke f\u00fchrt um den Wiesbadener Rabengrund. Damit niemand alleine laufen muss, werden verschiedene Tempogruppen angeboten.<\/p>\n<p>Im Anschluss sind alle Teilnehmer zu einem Getr\u00e4nk am Fu\u00dfe der Nerobergbahn eingeladen. Auch \u00fcbrig gebliebene Pl\u00e4tzchen soll es geben. Der Verein bittet darum, einen eigenen Becher mitzubringen. Au\u00dferdem wird ein kleiner Beitrag von mindestens drei Euro von Teilnehmern gefordert. <\/p>\n<p>Anmeldung erw\u00fcnscht<\/p>\n<p>Die Pr\u00e4sidentin des LC Olympia Wiesbaden, Kerstin Stephan, hofft wieder auf viele Teilnehmer. \u201eZum 19. Mal findet der G\u00e4nsebratenvernichtungslauf nun schon statt und jedes Jahr nehmen viele L\u00e4uferinnen und L\u00e4ufer daran teil \u2013 viele davon sind zu Stammg\u00e4sten geworden, aber es kommen jedes Jahr auch neue Teilnehmende dazu\u201c, sagt die Pr\u00e4sidentin in einer Mitteilung des Vereins. <\/p>\n<p>Um die Planung zu erleichtern, bittet der Verein um eine Anmeldung bis zum 23. Dezember 2025 \u00fcber <a href=\"https:\/\/www.lcolympia.de\/index.php\/waswannwo\/lcokalender\/lco-events-offen\/gaensebratenvernichtungslauf-2025\" title=\"\" target=\"_blank\" rel=\"noopener\">diese Internetseite<\/a>.<\/p>\n","protected":false},"excerpt":{"rendered":"Am zweiten Weihnachtsfeiertag, Freitag dem 26. Dezember, findet in Wiesbaden wieder der G\u00e4nsebratenvernichtungslauf statt. Das teilt der Veranstalter&hellip;\n","protected":false},"author":2,"featured_media":367586,"comment_status":"","ping_status":"","sticky":false,"template":"","format":"standard","meta":{"footnotes":""},"categories":[1847],"tags":[3364,29,548,663,3934,30,13,2052,14,15,12,4544],"class_list":{"0":"post-654214","1":"post","2":"type-post","3":"status-publish","4":"format-standard","5":"has-post-thumbnail","7":"category-wiesbaden","8":"tag-de","9":"tag-deutschland","10":"tag-eu","11":"tag-europa","12":"tag-europe","13":"tag-germany","14":"tag-headlines","15":"tag-hessen","16":"tag-nachrichten","17":"tag-news","18":"tag-schlagzeilen","19":"tag-wiesbaden"},"share_on_mastodon":{"url":"https:\/\/pubeurope.com\/@de\/115738316917831401","error":""},"_links":{"self":[{"href":"https:\/\/www.europesays.com\/de\/wp-json\/wp\/v2\/posts\/654214","targetHints":{"allow":["GET"]}}],"collection":[{"href":"https:\/\/www.europesays.com\/de\/wp-json\/wp\/v2\/posts"}],"about":[{"href":"https:\/\/www.europesays.com\/de\/wp-json\/wp\/v2\/types\/post"}],"author":[{"embeddable":true,"href":"https:\/\/www.europesays.com\/de\/wp-json\/wp\/v2\/users\/2"}],"replies":[{"embeddable":true,"href":"https:\/\/www.europesays.com\/de\/wp-json\/wp\/v2\/comments?post=654214"}],"version-history":[{"count":0,"href":"https:\/\/www.europesays.com\/de\/wp-json\/wp\/v2\/posts\/654214\/revisions"}],"wp:featuredmedia":[{"embeddable":true,"href":"https:\/\/www.europesays.com\/de\/wp-json\/wp\/v2\/media\/367586"}],"wp:attachment":[{"href":"https:\/\/www.europesays.com\/de\/wp-json\/wp\/v2\/media?parent=654214"}],"wp:term":[{"taxonomy":"category","embeddable":true,"href":"https:\/\/www.europesays.com\/de\/wp-json\/wp\/v2\/categories?post=654214"},{"taxonomy":"post_tag","embeddable":true,"href":"https:\/\/www.europesays.com\/de\/wp-json\/wp\/v2\/tags?post=654214"}],"curies":[{"name":"wp","href":"https:\/\/api.w.org\/{rel}","templated":true}]}}