{"id":654521,"date":"2025-12-18T06:17:16","date_gmt":"2025-12-18T06:17:16","guid":{"rendered":"https:\/\/www.europesays.com\/de\/654521\/"},"modified":"2025-12-18T06:17:16","modified_gmt":"2025-12-18T06:17:16","slug":"breite-unterstuetzung-fuer-merz-ukraine-kurs-afd-waehler-dagegen","status":"publish","type":"post","link":"https:\/\/www.europesays.com\/de\/654521\/","title":{"rendered":"Breite Unterst\u00fctzung f\u00fcr Merz\u2019 Ukraine-Kurs \u2013 AfD-W\u00e4hler dagegen"},"content":{"rendered":"<p class=\"tspAGen tspAGeo\">Bundeskanzler Friedrich Merz (CDU) hat bei seinen Bem\u00fchungen um die <strong>Nutzung des in der EU eingefrorenen russischen Staatsverm\u00f6gens zugunsten der Ukraine<\/strong> den gr\u00f6\u00dften Teil der deutschen Bev\u00f6lkerung hinter sich. <\/p>\n<p class=\"tspAGen\">In einer Umfrage des Meinungsforschungsinstituts YouGov im Auftrag der Deutschen Presse-Agentur <strong>bef\u00fcrworteten 58 Prozent der Befragten einen solchen Schritt<\/strong>. Nur 23 Prozent sprachen sich dagegen aus und 19 Prozent machten keine Angaben. <strong>Von den W\u00e4hlern der AfD ist allerdings eine deutliche Mehrheit (57 Prozent) gegen die Nutzung<\/strong> der Verm\u00f6genswerte in dreistelliger Milliardenh\u00f6he f\u00fcr die Unterst\u00fctzung der Ukraine.<\/p>\n<p class=\"tspAGen\">Die Staats- und Regierungschefs der EU-L\u00e4nder kommen an diesem Donnerstag zu einem mit Spannung erwarteten Gipfeltreffen in Br\u00fcssel zusammen, um eine Entscheidung in der so<a href=\"https:\/\/www.tagesspiegel.de\/internationales\/kurz-vor-dem-eu-gipfel-orban-ubermittelt-drohungen-aus-moskau-15061938.html?icid=in-text-link_15061971\" class=\"link link--internal\" data-gtm-class=\"article-text-link\" data-gtm-val=\"internal\" target=\"_blank\" rel=\"noopener\"> wichtigen Streitfrage der Nutzung des russischen Verm\u00f6gens<\/a> zu treffen. Merz hat sich an die Spitze der Bef\u00fcrworter gesetzt. <strong>Vor allem Belgien, wo der gr\u00f6\u00dfte Teil des Verm\u00f6gens lagert, hat allerdings erhebliche rechtliche und politische Bedenken. <\/strong><\/p>\n<p class=\"tspAGen\">F\u00fcr die Ukraine hat die Entscheidung existenzielle Bedeutung. Bei einem Nein muss sie damit rechnen, dass ihr schon <strong>im ersten Halbjahr 2026 die Mittel f\u00fcr den Abwehrkampf gegen Russlands ausgehen.<\/strong><\/p>\n<p> Fast zwei Drittel glauben nicht an baldiges Kriegsende <\/p>\n<p class=\"tspAGen\">Chancen auf einen baldigen Frieden in der Ukraine sehen die meisten Befragten nicht. 64 Prozent meinen, dass der seit fast vier Jahren andauernde Krieg auch \u00fcber 2026 hinaus weitergehen wird. <strong>Nur 23 Prozent glauben an ein Ende im n\u00e4chsten Jahr.<\/strong><\/p>\n<p> Mehr zum Ukraine-Krieg <a href=\"https:\/\/www.tagesspiegel.de\/internationales\/wir-versuchen-nur-das-zu-beenden-putin-erwartet-mehr-tempo-bei-eroberungen-im-ukraine-krieg-15061731.html?icid=topic-list_15061971___\" data-gtm-class=\"article-mzt-link\" data-hydrate-fingerprint=\"09740a54944caac75fd2c0c63fd5c5df\" data-hydrate-props=\"{&amp;escapedquot;element&amp;escapedquot;:{&amp;escapedquot;type&amp;escapedquot;:&amp;escapedquot;relatedContent&amp;escapedquot;,&amp;escapedquot;fieldMap&amp;escapedquot;:{},&amp;escapedquot;relation&amp;escapedquot;:{&amp;escapedquot;fields&amp;escapedquot;:{&amp;escapedquot;isPaid&amp;escapedquot;:null},&amp;escapedquot;href&amp;escapedquot;:&amp;escapedquot;\/internationales\/wir-versuchen-nur-das-zu-beenden-putin-erwartet-mehr-tempo-bei-eroberungen-im-ukraine-krieg-15061731.html&amp;escapedquot;,&amp;escapedquot;teaserTitle&amp;escapedquot;:{&amp;escapedquot;kicker&amp;escapedquot;:&amp;escapedquot;\u201eWir versuchen nur, das zu beenden\u201c&amp;escapedquot;,&amp;escapedquot;headline&amp;escapedquot;:&amp;escapedquot;Putin erwartet mehr Tempo bei Eroberungen im Ukraine-Krieg&amp;escapedquot;},&amp;escapedquot;id&amp;escapedquot;:&amp;escapedquot;15061731&amp;escapedquot;,&amp;escapedquot;type&amp;escapedquot;:&amp;escapedquot;story&amp;escapedquot;},&amp;escapedquot;isPartOfList&amp;escapedquot;:true,&amp;escapedquot;topicListType&amp;escapedquot;:&amp;escapedquot;topic-list&amp;escapedquot;},&amp;escapedquot;showArrow&amp;escapedquot;:true}\" data-hydrate-slots=\"{&#039;default&#039;:[]}\" class=\"tspBTll\" target=\"_blank\" rel=\"noopener\">\u201eWir versuchen nur, das zu beenden\u201c Putin erwartet mehr Tempo bei Eroberungen im Ukraine-Krieg <\/a><a href=\"https:\/\/www.tagesspiegel.de\/internationales\/russland-verscharft-propaganda-lawrow-unterstellt-friedrich-merz-eine-nazi-dna-15061482.html?icid=topic-list_15061971___\" data-gtm-class=\"article-mzt-link\" data-hydrate-fingerprint=\"09740a54944caac75fd2c0c63fd5c5df\" data-hydrate-props=\"{&amp;escapedquot;element&amp;escapedquot;:{&amp;escapedquot;type&amp;escapedquot;:&amp;escapedquot;relatedContent&amp;escapedquot;,&amp;escapedquot;fieldMap&amp;escapedquot;:{},&amp;escapedquot;relation&amp;escapedquot;:{&amp;escapedquot;fields&amp;escapedquot;:{&amp;escapedquot;isPaid&amp;escapedquot;:null},&amp;escapedquot;href&amp;escapedquot;:&amp;escapedquot;\/internationales\/russland-verscharft-propaganda-lawrow-unterstellt-friedrich-merz-eine-nazi-dna-15061482.html&amp;escapedquot;,&amp;escapedquot;teaserTitle&amp;escapedquot;:{&amp;escapedquot;kicker&amp;escapedquot;:&amp;escapedquot;Russland versch\u00e4rft Propaganda&amp;escapedquot;,&amp;escapedquot;headline&amp;escapedquot;:&amp;escapedquot;Lawrow unterstellt Friedrich Merz eine \u201eNazi-DNA\u201c&amp;escapedquot;},&amp;escapedquot;id&amp;escapedquot;:&amp;escapedquot;15061482&amp;escapedquot;,&amp;escapedquot;type&amp;escapedquot;:&amp;escapedquot;story&amp;escapedquot;},&amp;escapedquot;isPartOfList&amp;escapedquot;:true,&amp;escapedquot;topicListType&amp;escapedquot;:&amp;escapedquot;topic-list&amp;escapedquot;},&amp;escapedquot;showArrow&amp;escapedquot;:true}\" data-hydrate-slots=\"{&#039;default&#039;:[]}\" class=\"tspBTll\" target=\"_blank\" rel=\"noopener\">Russland versch\u00e4rft Propaganda Lawrow unterstellt Friedrich Merz eine \u201eNazi-DNA\u201c <\/a><a href=\"https:\/\/www.tagesspiegel.de\/internationales\/medienbericht-trump-will-verhindern-dass-das-eingefrorene-russische-vermogen-an-die-ukraine-geht-15059346.html?icid=topic-list_15061971___\" data-gtm-class=\"article-mzt-link\" data-hydrate-fingerprint=\"09740a54944caac75fd2c0c63fd5c5df\" data-hydrate-props=\"{&amp;escapedquot;element&amp;escapedquot;:{&amp;escapedquot;type&amp;escapedquot;:&amp;escapedquot;relatedContent&amp;escapedquot;,&amp;escapedquot;fieldMap&amp;escapedquot;:{},&amp;escapedquot;relation&amp;escapedquot;:{&amp;escapedquot;fields&amp;escapedquot;:{&amp;escapedquot;isPaid&amp;escapedquot;:null},&amp;escapedquot;href&amp;escapedquot;:&amp;escapedquot;\/internationales\/medienbericht-trump-will-verhindern-dass-das-eingefrorene-russische-vermogen-an-die-ukraine-geht-15059346.html&amp;escapedquot;,&amp;escapedquot;teaserTitle&amp;escapedquot;:{&amp;escapedquot;kicker&amp;escapedquot;:&amp;escapedquot;US-Magazin \u201ePolitico\u201c berichtet&amp;escapedquot;,&amp;escapedquot;headline&amp;escapedquot;:&amp;escapedquot;Trump will wohl verhindern, dass das eingefrorene russische Verm\u00f6gen an die Ukraine geht&amp;escapedquot;},&amp;escapedquot;id&amp;escapedquot;:&amp;escapedquot;15059346&amp;escapedquot;,&amp;escapedquot;type&amp;escapedquot;:&amp;escapedquot;story&amp;escapedquot;},&amp;escapedquot;isPartOfList&amp;escapedquot;:true,&amp;escapedquot;topicListType&amp;escapedquot;:&amp;escapedquot;topic-list&amp;escapedquot;},&amp;escapedquot;showArrow&amp;escapedquot;:true}\" data-hydrate-slots=\"{&#039;default&#039;:[]}\" class=\"tspBTll\" target=\"_blank\" rel=\"noopener\">US-Magazin \u201ePolitico\u201c berichtet Trump will wohl verhindern, dass das eingefrorene russische Verm\u00f6gen an die Ukraine geht <\/a><\/p>\n<p class=\"tspAGen\">YouGov befragte 2116 Wahlberechtigte vom vergangenen Freitag bis Montag \u2013 also parallel zu den <a href=\"https:\/\/www.tagesspiegel.de\/internationales\/haben-jetzt-chance-auf-echten-friedensprozess-merz-lobt-us-vorschlage-in-ukraine-verhandlungen-in-berlin-15054590.html?icid=in-text-link_15061971\" class=\"link link--internal\" data-gtm-class=\"article-text-link\" data-gtm-val=\"internal\" target=\"_blank\" rel=\"noopener\">Ukraine-Verhandlungen in Berlin<\/a>. Bei diesen Gespr\u00e4chen zwischen den USA, der Ukraine und f\u00fchrenden europ\u00e4ischen Staaten ging es auch um einen m\u00f6glichen Gebietsverzicht der Ukraine f\u00fcr einen Waffenstillstand.<\/p>\n<p class=\"tspAGen\">In dieser Frage ergab die YouGov-Umfrage keine eindeutige Tendenz. <strong>40 Prozent meinen, die Ukraine sollte einen Teil ihres Staatsgebiets abtreten<\/strong>, um zu einer Friedensl\u00f6sung zu kommen. 43 Prozent sagen dagegen, die Ukraine sollte einer Friedensl\u00f6sung nur zustimmen, wenn sie ihr gesamtes Staatsgebiet behalten kann. (dpa)<\/p>\n","protected":false},"excerpt":{"rendered":"Bundeskanzler Friedrich Merz (CDU) hat bei seinen Bem\u00fchungen um die Nutzung des in der EU eingefrorenen russischen Staatsverm\u00f6gens&hellip;\n","protected":false},"author":2,"featured_media":654522,"comment_status":"","ping_status":"","sticky":false,"template":"","format":"standard","meta":{"footnotes":""},"categories":[4012],"tags":[186,331,332,31,88475,775,13,1435,14,15,307,12,317],"class_list":{"0":"post-654521","1":"post","2":"type-post","3":"status-publish","4":"format-standard","5":"has-post-thumbnail","7":"category-ukraine","8":"tag-afd","9":"tag-aktuelle-nachrichten","10":"tag-aktuelle-news","11":"tag-cdu","12":"tag-die-eu","13":"tag-friedrich-merz","14":"tag-headlines","15":"tag-krieg-in-der-ukraine","16":"tag-nachrichten","17":"tag-news","18":"tag-russland","19":"tag-schlagzeilen","20":"tag-ukraine"},"share_on_mastodon":{"url":"https:\/\/pubeurope.com\/@de\/115739115212803862","error":""},"_links":{"self":[{"href":"https:\/\/www.europesays.com\/de\/wp-json\/wp\/v2\/posts\/654521","targetHints":{"allow":["GET"]}}],"collection":[{"href":"https:\/\/www.europesays.com\/de\/wp-json\/wp\/v2\/posts"}],"about":[{"href":"https:\/\/www.europesays.com\/de\/wp-json\/wp\/v2\/types\/post"}],"author":[{"embeddable":true,"href":"https:\/\/www.europesays.com\/de\/wp-json\/wp\/v2\/users\/2"}],"replies":[{"embeddable":true,"href":"https:\/\/www.europesays.com\/de\/wp-json\/wp\/v2\/comments?post=654521"}],"version-history":[{"count":0,"href":"https:\/\/www.europesays.com\/de\/wp-json\/wp\/v2\/posts\/654521\/revisions"}],"wp:featuredmedia":[{"embeddable":true,"href":"https:\/\/www.europesays.com\/de\/wp-json\/wp\/v2\/media\/654522"}],"wp:attachment":[{"href":"https:\/\/www.europesays.com\/de\/wp-json\/wp\/v2\/media?parent=654521"}],"wp:term":[{"taxonomy":"category","embeddable":true,"href":"https:\/\/www.europesays.com\/de\/wp-json\/wp\/v2\/categories?post=654521"},{"taxonomy":"post_tag","embeddable":true,"href":"https:\/\/www.europesays.com\/de\/wp-json\/wp\/v2\/tags?post=654521"}],"curies":[{"name":"wp","href":"https:\/\/api.w.org\/{rel}","templated":true}]}}