{"id":654999,"date":"2025-12-18T11:27:28","date_gmt":"2025-12-18T11:27:28","guid":{"rendered":"https:\/\/www.europesays.com\/de\/654999\/"},"modified":"2025-12-18T11:27:28","modified_gmt":"2025-12-18T11:27:28","slug":"landgericht-leipzig-melanie-mueller-wehrt-sich-in-berufungsprozess-gegen-hitlergruss-vorwurf","status":"publish","type":"post","link":"https:\/\/www.europesays.com\/de\/654999\/","title":{"rendered":"Landgericht Leipzig: Melanie M\u00fcller wehrt sich in Berufungsprozess gegen Hitlergru\u00df-Vorwurf"},"content":{"rendered":"<p class=\"paragraph article__item\">Im Fall der Schlagers\u00e4ngerin Melanie M\u00fcller hat der Berufungsprozess \u00fcber das mutma\u00dfliche Zeigen des <a href=\"https:\/\/www.zeit.de\/kultur\/2025-01\/elon-musk-hitlergruss-amtseinfuehrung-donald-trump\" class=\"\" target=\"_blank\" rel=\"noopener\">Hitlergru\u00dfes<\/a> begonnen. Zum Verhandlungsauftakt am Landgericht <a class=\"rtr-entity\" href=\"https:\/\/www.zeit.de\/thema\/leipzig\" target=\"_blank\" rel=\"noopener\">Leipzig<\/a> wies ihr Rechtsanwalt Adrian Stahl die Vorw\u00fcrfe erneut zur\u00fcck.\u00a0Die Geste, die M\u00fcller bei einem Konzert 2022 in Leipzig zeigte, sei zum Anfeuern des Publikums gedacht gewesen und habe keine politische Aussagekraft. M\u00fcller sei unpolitisch.\n<\/p>\n<p class=\"paragraph article__item\">Die Verteidigung strebt einen Freispruch an. Das <a class=\"rtr-entity\" href=\"https:\/\/www.zeit.de\/thema\/landgericht\" target=\"_blank\" rel=\"noopener\">Landgericht<\/a> Leipzig hat weitere Verhandlungstermine angesetzt. Diese finden am 5. und 12. Januar statt.\n<\/p>\n<p>        Es geht auch um Kokain und Ecstasy        <\/p>\n<p class=\"paragraph article__item\">Das Amtsgericht Leipzig hatte M\u00fcller<br \/>\n im August 2024 wegen des Verwendens von Kennzeichen verfassungswidriger<br \/>\n und terroristischer Organisationen sowie <a href=\"https:\/\/www.zeit.de\/thema\/drogen\" class=\"\" target=\"_blank\" rel=\"noopener\">Drogenbesitzes<\/a> zu einer<br \/>\nGeldstrafe \u00fcber insgesamt 80.000 Euro verurteilt, aufgeteilt auf 160 Tagess\u00e4tze zu je 500 Euro. Dagegen hatte die 37-J\u00e4hrige Berufung eingelegt.\n<\/p>\n<p class=\"paragraph article__item\">M\u00fcller wird vorgeworfen, bei einem Konzert in Leipzig im September 2022 mehrmals den Hitlergru\u00df gezeigt zu haben. Ermittler hatten bei einer <a href=\"https:\/\/www.zeit.de\/news\/2022-10\/13\/polizei-durchsucht-wohnung-von-melanie-mueller\" class=\"\" target=\"_blank\" rel=\"noopener\">Durchsuchung von M\u00fcllers Wohnung<\/a>\u00a0zudem 0,69 Gramm Kokaingemisch sowie eine Ecstasy-Tablette entdeckt. Ihr Anwalt teilte mit, die Drogen geh\u00f6rten einer Bekannten seiner Mandantin.\n<\/p>\n<p class=\"paragraph article__item\">M\u00fcller wurde im<br \/>\ns\u00e4chsischen Oschatz geboren. 2014 gewann sie die achte Staffel der<br \/>\n<a href=\"https:\/\/www.zeit.de\/thema\/rtl\" class=\"\" target=\"_blank\" rel=\"noopener\">RTL<\/a>-Dschungelshow Ich bin ein Star \u2013 Holt mich hier raus! und war<br \/>\ndanach noch in zahlreichen TV-Formaten zu sehen.\n<\/p>\n<p>            Mehr zum Thema        <\/p>\n<p>Verfassungsfeindliche Zeichen<\/p>\n<p>                <a href=\"https:\/\/www.zeit.de\/2025\/13\/rechte-codes-social-media-emojis-ideologie-tiktok\" data-ct-label=\"Rechte Codes auf Social Media: Sieht harmlos aus? Meint: Hitlergru\u00df \" target=\"_blank\" rel=\"noopener\"><\/p>\n<p>        Z+ (abopflichtiger Inhalt);<\/p>\n<p>    Rechte Codes auf Social Media:<br \/>\n                        Sieht harmlos aus? Meint: Hitlergru\u00df <\/p>\n<p>                <\/a><\/p>\n<p>                <a href=\"https:\/\/www.zeit.de\/kultur\/2025-05\/sylt-video-rechtsextremismus-rassismus-parolen-verbreitung-illusion\" data-ct-label=\"Sylt-Video: Ein Hitlergru\u00df an alle\" target=\"_blank\" rel=\"noopener\"><\/p>\n<p>                        Sylt-Video:<br \/>\n                        Ein Hitlergru\u00df an alle<\/p>\n<p>                <\/a><\/p>\n<p>                <a href=\"https:\/\/www.zeit.de\/politik\/deutschland\/2025-12\/afd-abgeordneter-bundestag-hitlergruss-anklage-gxe\" data-ct-label=\"Staatsanwaltschaft Berlin: AfD-Abgeordneter wegen Hitlergru\u00df im Bundestag angeklagt\" target=\"_blank\" rel=\"noopener\"><\/p>\n<p>                        Staatsanwaltschaft Berlin:<br \/>\n                        AfD-Abgeordneter wegen Hitlergru\u00df im Bundestag angeklagt<\/p>\n<p>                <\/a><\/p>\n","protected":false},"excerpt":{"rendered":"Im Fall der Schlagers\u00e4ngerin Melanie M\u00fcller hat der Berufungsprozess \u00fcber das mutma\u00dfliche Zeigen des Hitlergru\u00dfes begonnen. Zum Verhandlungsauftakt&hellip;\n","protected":false},"author":2,"featured_media":655000,"comment_status":"","ping_status":"","sticky":false,"template":"","format":"standard","meta":{"footnotes":""},"categories":[1832],"tags":[3364,29,433,441,30,4933,78546,71,9668,57,16,859],"class_list":{"0":"post-654999","1":"post","2":"type-post","3":"status-publish","4":"format-standard","5":"has-post-thumbnail","7":"category-leipzig","8":"tag-de","9":"tag-deutschland","10":"tag-drogen","11":"tag-fernsehen","12":"tag-germany","13":"tag-landgericht","14":"tag-landgericht-leipzig","15":"tag-leipzig","16":"tag-musiker","17":"tag-nationalsozialismus","18":"tag-politik","19":"tag-sachsen"},"share_on_mastodon":{"url":"https:\/\/pubeurope.com\/@de\/115740334226701580","error":""},"_links":{"self":[{"href":"https:\/\/www.europesays.com\/de\/wp-json\/wp\/v2\/posts\/654999","targetHints":{"allow":["GET"]}}],"collection":[{"href":"https:\/\/www.europesays.com\/de\/wp-json\/wp\/v2\/posts"}],"about":[{"href":"https:\/\/www.europesays.com\/de\/wp-json\/wp\/v2\/types\/post"}],"author":[{"embeddable":true,"href":"https:\/\/www.europesays.com\/de\/wp-json\/wp\/v2\/users\/2"}],"replies":[{"embeddable":true,"href":"https:\/\/www.europesays.com\/de\/wp-json\/wp\/v2\/comments?post=654999"}],"version-history":[{"count":0,"href":"https:\/\/www.europesays.com\/de\/wp-json\/wp\/v2\/posts\/654999\/revisions"}],"wp:featuredmedia":[{"embeddable":true,"href":"https:\/\/www.europesays.com\/de\/wp-json\/wp\/v2\/media\/655000"}],"wp:attachment":[{"href":"https:\/\/www.europesays.com\/de\/wp-json\/wp\/v2\/media?parent=654999"}],"wp:term":[{"taxonomy":"category","embeddable":true,"href":"https:\/\/www.europesays.com\/de\/wp-json\/wp\/v2\/categories?post=654999"},{"taxonomy":"post_tag","embeddable":true,"href":"https:\/\/www.europesays.com\/de\/wp-json\/wp\/v2\/tags?post=654999"}],"curies":[{"name":"wp","href":"https:\/\/api.w.org\/{rel}","templated":true}]}}