{"id":655520,"date":"2025-12-18T16:43:18","date_gmt":"2025-12-18T16:43:18","guid":{"rendered":"https:\/\/www.europesays.com\/de\/655520\/"},"modified":"2025-12-18T16:43:18","modified_gmt":"2025-12-18T16:43:18","slug":"fotos-aus-moenchengladbach-weihnachtscircus-im-kunstwerk","status":"publish","type":"post","link":"https:\/\/www.europesays.com\/de\/655520\/","title":{"rendered":"Fotos aus M\u00f6nchengladbach: Weihnachtscircus im &#8222;Kunstwerk&#8220;"},"content":{"rendered":"\n<p class=\"richtext mb-6 last:mb-0\">Zirkus ist immer etwas sehr Aufregendes f\u00fcr Erwachsenen, avo allem aber f\u00fcr die Kinder. Dort gibt es wundersame Dinge zu sehen, die es im Alltag nicht zu Bewundern gibt. F\u00fcr den dritten Weihnachtscircus M\u00f6nchengladbach wurde das \u201eKunstwerk\u201c jetzt wieder zur gro\u00dfen Manege. Die atemberaubende Show zeigt waghalsige Spr\u00fcnge der Akrobaten, grandiose Balanceakte der Artisten und viele witzige Clownerien von Spa\u00dfmachern und Comedians. Da lohnt sich der besuch gerade rund um Weihnahcten. Noch bis zum 4. Januar pr\u00e4sentieren die K\u00fcnstler ihr Programm.<\/p>\n<p class=\"richtext mb-6 last:mb-0\">Victor Gorodetskyy zeigte auf seinem Einrad virtuose Man\u00f6ver.<\/p>\n","protected":false},"excerpt":{"rendered":"Zirkus ist immer etwas sehr Aufregendes f\u00fcr Erwachsenen, avo allem aber f\u00fcr die Kinder. Dort gibt es wundersame&hellip;\n","protected":false},"author":2,"featured_media":655521,"comment_status":"","ping_status":"","sticky":false,"template":"","format":"standard","meta":{"footnotes":""},"categories":[1849],"tags":[3364,29,548,663,3934,30,13,4060,4455,14,15,1209,16,12,55],"class_list":{"0":"post-655520","1":"post","2":"type-post","3":"status-publish","4":"format-standard","5":"has-post-thumbnail","7":"category-moenchengladbach","8":"tag-de","9":"tag-deutschland","10":"tag-eu","11":"tag-europa","12":"tag-europe","13":"tag-germany","14":"tag-headlines","15":"tag-lokal","16":"tag-moenchengladbach","17":"tag-nachrichten","18":"tag-news","19":"tag-nordrhein-westfalen","20":"tag-politik","21":"tag-schlagzeilen","22":"tag-wirtschaft"},"share_on_mastodon":{"url":"https:\/\/pubeurope.com\/@de\/115741576858912903","error":""},"_links":{"self":[{"href":"https:\/\/www.europesays.com\/de\/wp-json\/wp\/v2\/posts\/655520","targetHints":{"allow":["GET"]}}],"collection":[{"href":"https:\/\/www.europesays.com\/de\/wp-json\/wp\/v2\/posts"}],"about":[{"href":"https:\/\/www.europesays.com\/de\/wp-json\/wp\/v2\/types\/post"}],"author":[{"embeddable":true,"href":"https:\/\/www.europesays.com\/de\/wp-json\/wp\/v2\/users\/2"}],"replies":[{"embeddable":true,"href":"https:\/\/www.europesays.com\/de\/wp-json\/wp\/v2\/comments?post=655520"}],"version-history":[{"count":0,"href":"https:\/\/www.europesays.com\/de\/wp-json\/wp\/v2\/posts\/655520\/revisions"}],"wp:featuredmedia":[{"embeddable":true,"href":"https:\/\/www.europesays.com\/de\/wp-json\/wp\/v2\/media\/655521"}],"wp:attachment":[{"href":"https:\/\/www.europesays.com\/de\/wp-json\/wp\/v2\/media?parent=655520"}],"wp:term":[{"taxonomy":"category","embeddable":true,"href":"https:\/\/www.europesays.com\/de\/wp-json\/wp\/v2\/categories?post=655520"},{"taxonomy":"post_tag","embeddable":true,"href":"https:\/\/www.europesays.com\/de\/wp-json\/wp\/v2\/tags?post=655520"}],"curies":[{"name":"wp","href":"https:\/\/api.w.org\/{rel}","templated":true}]}}