{"id":655621,"date":"2025-12-18T17:37:18","date_gmt":"2025-12-18T17:37:18","guid":{"rendered":"https:\/\/www.europesays.com\/de\/655621\/"},"modified":"2025-12-18T17:37:18","modified_gmt":"2025-12-18T17:37:18","slug":"hamburg-lagert-gefangene-nach-mecklenburg-vorpommern-aus","status":"publish","type":"post","link":"https:\/\/www.europesays.com\/de\/655621\/","title":{"rendered":"Hamburg lagert Gefangene nach Mecklenburg-Vorpommern aus"},"content":{"rendered":"<p>\n                Stand: 18.12.2025 16:28 Uhr<\/p>\n<p>                    <a href=\"https:\/\/www.europesays.com\/de\/wp-content\/uploads\/2025\/12\/jvabillwerder108.webp\" class=\"zoomimage\" title=\"Bild vergr\u00f6\u00dfern\"><\/p>\n<p>        <img decoding=\"async\" src=\"https:\/\/www.europesays.com\/de\/wp-content\/uploads\/2025\/12\/jvabillwerder108.webp\" alt=\"Ein Vollzugsbeamter geht in der JVA Billwerder in Hamburg einen Gang entlang.\" title=\"Die ausgelagerten Gefangenen kommen aus der JVA Billwerder | picture alliance\/dpa, Ulrich Perrey\" class=\"responsive\" loading=\"lazy\"\/><\/p>\n<p>                    <\/a><\/p>\n<p>                    Die ausgelagerten Gefangenen kommen aus der JVA Billwerder<\/p>\n<p class=\"\">In Hamburg sind die Gef\u00e4ngnisse voll. Deshalb lagert die Justiz nun Strafgefangene nach Mecklenburg-Vorpommern aus. Bis zu 20 m\u00e4nnliche Gefangene k\u00f6nnten vor\u00fcbergehend in Waldeck bei Rostock untergebracht werden, teilte die Justizbeh\u00f6rde am Donnerstag mit. Sie k\u00f6nnten ab dem 1. Januar \u00fcberstellt werden. Ausgelagert werden sollen demnach Gefangene der JVA Billwerder. Die Gefangenen sollen in der Regel f\u00fcr maximal sechs Monate in der JVA Waldeck bleiben und sp\u00e4testens sechs Monate vor der Entlassung zur\u00fcckkehren.<\/p>\n<p>    Hamburgs Gef\u00e4ngnisse zu 96 Prozent belegt<\/p>\n<p class=\"\">In Hamburger Gef\u00e4ngnissen sa\u00dfen laut Beh\u00f6rde Ende November 2.152 Gefangene ein. Damit waren rund 96 Prozent der Haftpl\u00e4tze belegt. In der Untersuchungshaftanstalt lag die Belegungsquote demnach bei 109 Prozent. Eine Auslagerung von Gefangenen sei nichts Ungew\u00f6hnliches, sagte ein Beh\u00f6rdensprecher. &#8222;Bereits in der Vergangenheit waren Gefangene vor\u00fcbergehend nach Mecklenburg-Vorpommern \u00fcberstellt worden, beispielsweise 2017 w\u00e4hrend des G20-Gipfels oder sp\u00e4ter w\u00e4hrend der Sanierung der Untersuchungshaftanstalt.&#8220;<\/p>\n","protected":false},"excerpt":{"rendered":"Stand: 18.12.2025 16:28 Uhr Die ausgelagerten Gefangenen kommen aus der JVA Billwerder In Hamburg sind die Gef\u00e4ngnisse voll.&hellip;\n","protected":false},"author":2,"featured_media":655622,"comment_status":"","ping_status":"","sticky":false,"template":"","format":"standard","meta":{"footnotes":""},"categories":[1826],"tags":[29,30,692,691,2222,15,2223,3201],"class_list":{"0":"post-655621","1":"post","2":"type-post","3":"status-publish","4":"format-standard","5":"has-post-thumbnail","7":"category-hamburg","8":"tag-deutschland","9":"tag-germany","10":"tag-hamburg","11":"tag-hh","12":"tag-kurzmeldungen","13":"tag-news","14":"tag-regionalmeldungen","15":"tag-regionalmeldungen-hamburg"},"share_on_mastodon":{"url":"https:\/\/pubeurope.com\/@de\/115741789534861836","error":""},"_links":{"self":[{"href":"https:\/\/www.europesays.com\/de\/wp-json\/wp\/v2\/posts\/655621","targetHints":{"allow":["GET"]}}],"collection":[{"href":"https:\/\/www.europesays.com\/de\/wp-json\/wp\/v2\/posts"}],"about":[{"href":"https:\/\/www.europesays.com\/de\/wp-json\/wp\/v2\/types\/post"}],"author":[{"embeddable":true,"href":"https:\/\/www.europesays.com\/de\/wp-json\/wp\/v2\/users\/2"}],"replies":[{"embeddable":true,"href":"https:\/\/www.europesays.com\/de\/wp-json\/wp\/v2\/comments?post=655621"}],"version-history":[{"count":0,"href":"https:\/\/www.europesays.com\/de\/wp-json\/wp\/v2\/posts\/655621\/revisions"}],"wp:featuredmedia":[{"embeddable":true,"href":"https:\/\/www.europesays.com\/de\/wp-json\/wp\/v2\/media\/655622"}],"wp:attachment":[{"href":"https:\/\/www.europesays.com\/de\/wp-json\/wp\/v2\/media?parent=655621"}],"wp:term":[{"taxonomy":"category","embeddable":true,"href":"https:\/\/www.europesays.com\/de\/wp-json\/wp\/v2\/categories?post=655621"},{"taxonomy":"post_tag","embeddable":true,"href":"https:\/\/www.europesays.com\/de\/wp-json\/wp\/v2\/tags?post=655621"}],"curies":[{"name":"wp","href":"https:\/\/api.w.org\/{rel}","templated":true}]}}