{"id":655713,"date":"2025-12-18T18:29:16","date_gmt":"2025-12-18T18:29:16","guid":{"rendered":"https:\/\/www.europesays.com\/de\/655713\/"},"modified":"2025-12-18T18:29:16","modified_gmt":"2025-12-18T18:29:16","slug":"flug-ins-all-rakete-mit-michi-benthaus-bleibt-am-boden","status":"publish","type":"post","link":"https:\/\/www.europesays.com\/de\/655713\/","title":{"rendered":"Flug ins All: Rakete mit Michi Benthaus bleibt am Boden"},"content":{"rendered":"<p>        <img decoding=\"async\" src=\"https:\/\/www.europesays.com\/de\/wp-content\/uploads\/2025\/12\/benthaus-100.webp\" alt=\"Ingenieurin Benthaus auf dem Raketenstartgel\u00e4nde von Blue Origin in Texas.\" title=\"Ingenieurin Benthaus auf dem Raketenstartgel\u00e4nde von Blue Origin in Texas. | Blue Origin\" class=\"responsive\"\/><\/p>\n<p>AUDIO: Nachrichten 18:00 Uhr &#8211; 18.12.2025 (5 Min)<\/p>\n<p>\n                Stand: 18.12.2025 18:23 Uhr<\/p>\n<p class=\"preface\">Seit einem Unfall ist Michaela Benthaus auf einen Rollstuhl angewiesen. Als erster Mensch mit Querschnittsl\u00e4hmung sollte die geb\u00fcrtige Kielerin durch das All fliegen &#8211; doch der Start wurde abgebrochen.<\/p>\n<p class=\"\">Wegen eines &#8222;Problems mit den integrierten Kontrollmechanismen&#8220; ist der Raketenstart der Mission NS-37 am Donnerstagabend abgebrochen worden. Urspr\u00fcnglich sollte die Rakete um 17 Uhr vom Weltraumbahnhof\u00a0Van Horn\u00a0in der W\u00fcste von\u00a0West-Texas, USA, abheben &#8211; doch der Start wurde zun\u00e4chst mehrfach aufgeschoben und schlie\u00dflich gegen 18 Uhr gecancelt. Wann die geb\u00fcrtige Kielerin Michaela &#8222;Michi&#8220; Benthaus den 15-min\u00fctigen Flug ins All antreten wird, ist unklar. Man pr\u00fcfe nun die n\u00e4chste Startm\u00f6glichkeit, hei\u00dft es von Jeff Bezos&#8216; Weltraumorganisation &#8222;Blue Origin&#8220; auf der Plattform X.<\/p>\n<p>    F\u00fcr mehr Barrierefreiheit im Weltraum und auf der Erde<\/p>\n<p class=\"\">Die geb\u00fcrtige <a href=\"https:\/\/www.ndr.de\/nachrichten\/schleswig-holstein\/Kiel-Aktuelle-Nachrichten-News-und-Videos,kiel7262.html\" title=\"Kiel - Aktuelle Nachrichten und Videos\" rel=\"nofollow noopener\" target=\"_blank\">Kielerin<\/a> studierte in Linz und M\u00fcnchen. Mittlerweile ist sie Raumfahrtingenieurin und arbeitet bei der europ\u00e4ischen Weltraumorganisation ESA in den Niederlanden. Ihr Wunsch ist es, die Erde und auch das All f\u00fcr alle grenzenloser zu machen. Mit an Bord ist heute auch ihr Kollege Hans K\u00f6nigsmann.<\/p>\n<p class=\"\">Benthaus setzt sie sich daf\u00fcr ein, dass die bemannte Raumfahrt barrierefreier wird. Sie m\u00f6chte die Erde nach eigenen Angaben n\u00e4mlich auch gerne einmal von oben sehen und selbst als Astronautin an Missionen teilnehmen.<\/p>\n<p>    Freie Bewegung in der Schwerelosigkeit<\/p>\n<p class=\"\">2022 war sie zum ersten Mal schwerelos, nahm an einem sogenannten Parabelflug teil. Dabei fliegt ein Flugzeug sehr steil nach oben und wieder herab. Dabei entsteht f\u00fcr knapp 20 Sekunden eine Schwerelosigkeit im Flugzeug<\/p>\n<blockquote><p>\n        Einerseits habe ich keine Kontrolle \u00fcber meine Beine. Die machen so ein bisschen, was sie wollen. Aber andererseits ist es auch total cool, sich wieder so frei bewegen zu k\u00f6nnen.<\/p>\n<p>                Michaela Benthaus \u00fcber die Schwerelosigkeit<\/p>\n<\/blockquote>\n<p>    Arbeit auf der Raumstation braucht besondere L\u00f6sungen<\/p>\n<p>                    <a href=\"https:\/\/www.europesays.com\/de\/wp-content\/uploads\/2025\/12\/benthaus-100.webp\" class=\"zoomimage\" title=\"Bild vergr\u00f6\u00dfern\"><\/p>\n<p>        <img decoding=\"async\" src=\"https:\/\/www.europesays.com\/de\/wp-content\/uploads\/2025\/12\/benthaus-100.webp\" alt=\"Ingenieurin Benthaus auf dem Raketenstartgel\u00e4nde von Blue Origin in Texas.\" title=\"Benthaus setzt sie sich daf\u00fcr ein, dass die bemannte Raumfahrt barrierefreier wird. | Blue Origin\" class=\"responsive\" loading=\"lazy\"\/><\/p>\n<p>                    <\/a><\/p>\n<p>                    Benthaus setzt sie sich daf\u00fcr ein, dass die bemannte Raumfahrt barrierefreier wird.<\/p>\n<p class=\"\">Doch dabei st\u00f6\u00dft man bei Schwerelosigkeit im Weltraum auch auf gewisse Probleme: Wie kann man Dusche und Toilette am besten benutzen? Au\u00dferdem arbeiten bei l\u00e4ngeren Aufenthalten die Astronauten in den Raumstationen, in dem sie sich mit ihren F\u00fc\u00dfen in Schienen einhaken. Das geht bei Benthaus nicht so einfach. Die Raumfahrtingenieurin muss sich irgendwie anders stabilisieren. Festhalten geht nicht, denn die Arme ben\u00f6tigt sie ja f\u00fcr die Arbeit. Da mussten spezielle L\u00f6sungen her.<\/p>\n<p>    Kritik: Weltraumtourismus f\u00fcr Superreiche<\/p>\n<p class=\"\">Zu den Kosten f\u00fcr ein Ticket f\u00fcr einen \u00e4u\u00dfert sich das Unternehmen &#8222;Blue Origin&#8220; nicht. Diese Kurztrips ins All stehen etwa wegen der negativen Auswirkungen aufs Klima in der Kritik und werden oft als Weltraumtourismus f\u00fcr Superreiche bezeichnet. &#8222;Ich sehe meinen Flug \u00fcberhaupt nicht als Touristenflug, weil wir eben ja schon Wissenschaft machen&#8220;, sagt Benthaus dazu. &#8222;Die Leute denken immer, man muss in dem Flug selber ein Experiment machen, aber in meinem Fall bin ich ja das Experiment und wir versuchen, etwas voranzutreiben und Grenzen zu verschieben.&#8220;<\/p>\n","protected":false},"excerpt":{"rendered":"AUDIO: Nachrichten 18:00 Uhr &#8211; 18.12.2025 (5 Min) Stand: 18.12.2025 18:23 Uhr Seit einem Unfall ist Michaela Benthaus&hellip;\n","protected":false},"author":2,"featured_media":655714,"comment_status":"","ping_status":"","sticky":false,"template":"","format":"standard","meta":{"footnotes":""},"categories":[5],"tags":[331,332,14794,153549,18384,3364,29,30,13,4949,8909,20598,153548,14,15,153550,16035,12,1172],"class_list":{"0":"post-655713","1":"post","2":"type-post","3":"status-publish","4":"format-standard","5":"has-post-thumbnail","7":"category-nachrichten","8":"tag-aktuelle-nachrichten","9":"tag-aktuelle-news","10":"tag-all","11":"tag-benzos","12":"tag-blue-origin","13":"tag-de","14":"tag-deutschland","15":"tag-germany","16":"tag-headlines","17":"tag-kiel","18":"tag-luft-und-raumfahrt","19":"tag-menschen-mit-behinderung","20":"tag-michi-benthaus","21":"tag-nachrichten","22":"tag-news","23":"tag-ns-37-mission","24":"tag-rollstuhlfahrerin","25":"tag-schlagzeilen","26":"tag-weltraum"},"share_on_mastodon":{"url":"https:\/\/pubeurope.com\/@de\/115741995793811900","error":""},"_links":{"self":[{"href":"https:\/\/www.europesays.com\/de\/wp-json\/wp\/v2\/posts\/655713","targetHints":{"allow":["GET"]}}],"collection":[{"href":"https:\/\/www.europesays.com\/de\/wp-json\/wp\/v2\/posts"}],"about":[{"href":"https:\/\/www.europesays.com\/de\/wp-json\/wp\/v2\/types\/post"}],"author":[{"embeddable":true,"href":"https:\/\/www.europesays.com\/de\/wp-json\/wp\/v2\/users\/2"}],"replies":[{"embeddable":true,"href":"https:\/\/www.europesays.com\/de\/wp-json\/wp\/v2\/comments?post=655713"}],"version-history":[{"count":0,"href":"https:\/\/www.europesays.com\/de\/wp-json\/wp\/v2\/posts\/655713\/revisions"}],"wp:featuredmedia":[{"embeddable":true,"href":"https:\/\/www.europesays.com\/de\/wp-json\/wp\/v2\/media\/655714"}],"wp:attachment":[{"href":"https:\/\/www.europesays.com\/de\/wp-json\/wp\/v2\/media?parent=655713"}],"wp:term":[{"taxonomy":"category","embeddable":true,"href":"https:\/\/www.europesays.com\/de\/wp-json\/wp\/v2\/categories?post=655713"},{"taxonomy":"post_tag","embeddable":true,"href":"https:\/\/www.europesays.com\/de\/wp-json\/wp\/v2\/tags?post=655713"}],"curies":[{"name":"wp","href":"https:\/\/api.w.org\/{rel}","templated":true}]}}