{"id":655777,"date":"2025-12-18T19:07:11","date_gmt":"2025-12-18T19:07:11","guid":{"rendered":"https:\/\/www.europesays.com\/de\/655777\/"},"modified":"2025-12-18T19:07:11","modified_gmt":"2025-12-18T19:07:11","slug":"deutlicher-anstieg-von-mpox-faellen-in-berlin","status":"publish","type":"post","link":"https:\/\/www.europesays.com\/de\/655777\/","title":{"rendered":"Deutlicher Anstieg von Mpox-F\u00e4llen in Berlin"},"content":{"rendered":"<p>Das Lageso gab am Donnerstag bekannt, dass auch erstmals ein Fall der Mpox-Variante &#8222;Klade Ib&#8220; in Berlin nachgewiesen worden sei. Der Mann sei am 8. Dezember an Fieber, dem typischen Hautausschlag und Lymphkontenschwellungen erkrankt. Geimpft war er dem Lageso zufolge nicht. Er habe sich mutma\u00dflich im Ausland angesteckt. Deutschlandweit gab es seit 2024 erst 16 F\u00e4lle der Variante Klade Ib, die meisten F\u00e4lle waren hierzulande der Klade II zugeordnet.<\/p>\n<p>Einige Experten sch\u00e4tzen die Klade I als gef\u00e4hrlicher ein, da sie h\u00e4ufiger zu schweren Krankheitsverl\u00e4ufen f\u00fchre, dem wiederspricht das Lageso allerdings. Es gebe &#8222;keine Hinweise darauf&#8220;.<\/p>\n<p>Eine Impfung gegen Mpox wird seit 2022 in Deutschland angeboten und vor allem M\u00e4nnern empfohlen, die h\u00e4ufig den Partner wechseln, sowie Sexarbeiterinnen und Sexarbeitern. Der Anteil der Infizierten ohne Impfschutz sei in diesem Jahr deutlich h\u00f6her gewesen als in den Vorjahren, erkl\u00e4rte eine Infektionsepidemiologin des Lageso, Claudia Ruscher. Fast die H\u00e4lfte der Infizierten sei nicht geimpft gewesen (44 Prozent).<\/p>\n<p>Lageso-Expertin Ruscher fordert daher eine Aufkl\u00e4rung \u00fcber die Impfung, insbesondere vor internationalen Events wie w\u00e4hrend dem Pride-Month. Mpox m\u00fcsse zudem weiter im Blick behalten werden, es sei immer noch eine neue Krankheit, \u00fcber die es wenig Daten gebe.<\/p>\n","protected":false},"excerpt":{"rendered":"Das Lageso gab am Donnerstag bekannt, dass auch erstmals ein Fall der Mpox-Variante &#8222;Klade Ib&#8220; in Berlin nachgewiesen&hellip;\n","protected":false},"author":2,"featured_media":655778,"comment_status":"","ping_status":"","sticky":false,"template":"","format":"standard","meta":{"footnotes":""},"categories":[1825],"tags":[296,29,30,134296],"class_list":{"0":"post-655777","1":"post","2":"type-post","3":"status-publish","4":"format-standard","5":"has-post-thumbnail","7":"category-berlin","8":"tag-berlin","9":"tag-deutschland","10":"tag-germany","11":"tag-rbb24tagesschau"},"share_on_mastodon":{"url":"https:\/\/pubeurope.com\/@de\/115742142839695588","error":""},"_links":{"self":[{"href":"https:\/\/www.europesays.com\/de\/wp-json\/wp\/v2\/posts\/655777","targetHints":{"allow":["GET"]}}],"collection":[{"href":"https:\/\/www.europesays.com\/de\/wp-json\/wp\/v2\/posts"}],"about":[{"href":"https:\/\/www.europesays.com\/de\/wp-json\/wp\/v2\/types\/post"}],"author":[{"embeddable":true,"href":"https:\/\/www.europesays.com\/de\/wp-json\/wp\/v2\/users\/2"}],"replies":[{"embeddable":true,"href":"https:\/\/www.europesays.com\/de\/wp-json\/wp\/v2\/comments?post=655777"}],"version-history":[{"count":0,"href":"https:\/\/www.europesays.com\/de\/wp-json\/wp\/v2\/posts\/655777\/revisions"}],"wp:featuredmedia":[{"embeddable":true,"href":"https:\/\/www.europesays.com\/de\/wp-json\/wp\/v2\/media\/655778"}],"wp:attachment":[{"href":"https:\/\/www.europesays.com\/de\/wp-json\/wp\/v2\/media?parent=655777"}],"wp:term":[{"taxonomy":"category","embeddable":true,"href":"https:\/\/www.europesays.com\/de\/wp-json\/wp\/v2\/categories?post=655777"},{"taxonomy":"post_tag","embeddable":true,"href":"https:\/\/www.europesays.com\/de\/wp-json\/wp\/v2\/tags?post=655777"}],"curies":[{"name":"wp","href":"https:\/\/api.w.org\/{rel}","templated":true}]}}