{"id":655880,"date":"2025-12-18T20:04:22","date_gmt":"2025-12-18T20:04:22","guid":{"rendered":"https:\/\/www.europesays.com\/de\/655880\/"},"modified":"2025-12-18T20:04:22","modified_gmt":"2025-12-18T20:04:22","slug":"adventsmusik-im-fussballstadion-19-000-fans-bei-adventskonzert-im-dresdner-harbig-stadion","status":"publish","type":"post","link":"https:\/\/www.europesays.com\/de\/655880\/","title":{"rendered":"Adventsmusik im Fu\u00dfballstadion: 19.000 Fans bei Adventskonzert im Dresdner Harbig-Stadion"},"content":{"rendered":"<p class=\"paragraph article__item\">Gute Stimmung auch ohne Fu\u00dfballzauber: Beim Adventskonzert im Dresdner Rudolf-Harbig-Stadion haben der Kreuzchor, die Kapellknaben und weitere Ensembles und Solisten Tausende Fans begeistert. Nach Angaben der Veranstalter kamen knapp 19.000 Zuschauer. Die Show war nicht zuletzt ein Augenschmaus: Mehr als 250 Herrnhuter Sterne zierten das Stadion, Laser und andere Lichteffekte lie\u00dfen die Arena funkeln.\u00a0\n<\/p>\n<p>Aktuelles<\/p>\n<p>                <a href=\"https:\/\/www.zeit.de\/sport\/2025-11\/kinder-im-fussballstadion-gesaenge\" data-ct-label=\"Kinder im Fu\u00dfballstadion: &quot;Papa, was singen die da?&quot;\" target=\"_blank\" rel=\"noopener\"><\/p>\n<p>                        Kinder im Fu\u00dfballstadion:<br \/>\n                        &#8222;Papa, was singen die da?&#8220;<\/p>\n<p>                <\/a><\/p>\n<p>                <a href=\"https:\/\/www.zeit.de\/angebote\/visit-dresden\/weihnachten\/index\" data-ct-label=\": Weihnachtszauber in Dresden Elbland\" target=\"_blank\" rel=\"noopener\"><\/p>\n<p>                        :<br \/>\n                        Weihnachtszauber in Dresden Elbland<\/p>\n<p>                <\/a><\/p>\n<p>                <a href=\"https:\/\/www.zeit.de\/angebote\/visit-dresden\/feiern\/index\" data-ct-label=\": Coole Dresdner Clubs f\u00fcr unvergessliche N\u00e4chte\" target=\"_blank\" rel=\"noopener\"><\/p>\n<p>                        :<br \/>\n                        Coole Dresdner Clubs f\u00fcr unvergessliche N\u00e4chte<\/p>\n<p>                <\/a><\/p>\n<p>                    Nik P. und Sasha sorgen f\u00fcr Schlager und Pop        <\/p>\n<p class=\"paragraph article__item\">Schlagers\u00e4nger Nik P. aus \u00d6sterreich sang \u00abLast Christmas\u00bb auf Deutsch. Hornist Felix Klieser spielte H\u00e4ndels \u00abTochter Zion\u00bb. Der Musiker wurde ohne Arme geboren und lernte die Ventile mit den Zehen des linken Fu\u00dfes zu bedienen. Auch Pops\u00e4nger Sasha hatte seinen Auftritt und brachte seine Lieblingsweihnachtslieder mit.\u00a0\n<\/p>\n<p class=\"paragraph article__item\">Musikalische Hauptakteure waren neben dem Dresdner Kreuzchor und den Dresdner Kapellknaben auch der MDR-Kinderchor und die Musicalwerkstatt \u00abOh-T\u00f6ne\u00bb. Moderatorin Ella Endlich war unter anderem mit \u00abS\u00fc\u00dfer die Glocken nie klingen\u00bb zu h\u00f6ren.\n<\/p>\n<p>                Besonderes Feeling f\u00fcr fu\u00dfballliebende S\u00e4ngerknaben        <\/p>\n<p class=\"paragraph article__item\">Auch f\u00fcr die Kruzianer, die in ihrer Freizeit gerne Fu\u00dfball spielen, ist der Auftritt in dieser Arena etwas Spezielles. \u00abIch war schon oft im Stadion zum Fu\u00dfball. Jetzt hier zu singen, ist etwas ganz anderes und wirklich toll\u00bb, bekannte der 12 Jahre alte Valentin. Mit drei\u00a0anderen Ch\u00f6ren zu singen, sei etwas Besonderes, meinte der gleichaltrige Fritz. \u00abEs macht richtig Spa\u00df, wenn so viele Menschen zuh\u00f6ren.\u00bb\n<\/p>\n<p class=\"paragraph article__item\">Neben der Musik stand auch der karitative Gedanke im Vordergrund. Die Dixie-D\u00f6rner-Stiftung &#8211; benannt nach der Dresdner Fu\u00dfball-Legende Hans-J\u00fcrgen \u00abDixie\u00bb D\u00f6rner (1951-2022) &#8211; agierte erneut als Charity-Partner des Konzertes. Es wurde Geld f\u00fcr die Jugendarbeit und ein Turnier des Vereins Einheit Dresden Mitte gesammelt, bei dem viele Teams aus der Region antreten sollen.\n<\/p>\n<p class=\"paragraph article__item\">\u00a9 dpa-infocom, dpa:251218-930-443287\/2<\/p>\n","protected":false},"excerpt":{"rendered":"Gute Stimmung auch ohne Fu\u00dfballzauber: Beim Adventskonzert im Dresdner Rudolf-Harbig-Stadion haben der Kreuzchor, die Kapellknaben und weitere Ensembles&hellip;\n","protected":false},"author":2,"featured_media":655881,"comment_status":"","ping_status":"","sticky":false,"template":"","format":"standard","meta":{"footnotes":""},"categories":[1835],"tags":[125822,153562,153561,3364,29,2386,3766,152992,153563,30,15,57755,3797,859,100943],"class_list":{"0":"post-655880","1":"post","2":"type-post","3":"status-publish","4":"format-standard","5":"has-post-thumbnail","7":"category-dresden","8":"tag-adventskonzert","9":"tag-adventsmusik","10":"tag-adventsmusik-im-fussballstadion","11":"tag-de","12":"tag-deutschland","13":"tag-dresden","14":"tag-dynamo-dresden","15":"tag-fussballstadion","16":"tag-fussballzauber","17":"tag-germany","18":"tag-news","19":"tag-nik-p","20":"tag-rudolf-harbig-stadion","21":"tag-sachsen","22":"tag-sasha"},"share_on_mastodon":{"url":"https:\/\/pubeurope.com\/@de\/115742367171158732","error":""},"_links":{"self":[{"href":"https:\/\/www.europesays.com\/de\/wp-json\/wp\/v2\/posts\/655880","targetHints":{"allow":["GET"]}}],"collection":[{"href":"https:\/\/www.europesays.com\/de\/wp-json\/wp\/v2\/posts"}],"about":[{"href":"https:\/\/www.europesays.com\/de\/wp-json\/wp\/v2\/types\/post"}],"author":[{"embeddable":true,"href":"https:\/\/www.europesays.com\/de\/wp-json\/wp\/v2\/users\/2"}],"replies":[{"embeddable":true,"href":"https:\/\/www.europesays.com\/de\/wp-json\/wp\/v2\/comments?post=655880"}],"version-history":[{"count":0,"href":"https:\/\/www.europesays.com\/de\/wp-json\/wp\/v2\/posts\/655880\/revisions"}],"wp:featuredmedia":[{"embeddable":true,"href":"https:\/\/www.europesays.com\/de\/wp-json\/wp\/v2\/media\/655881"}],"wp:attachment":[{"href":"https:\/\/www.europesays.com\/de\/wp-json\/wp\/v2\/media?parent=655880"}],"wp:term":[{"taxonomy":"category","embeddable":true,"href":"https:\/\/www.europesays.com\/de\/wp-json\/wp\/v2\/categories?post=655880"},{"taxonomy":"post_tag","embeddable":true,"href":"https:\/\/www.europesays.com\/de\/wp-json\/wp\/v2\/tags?post=655880"}],"curies":[{"name":"wp","href":"https:\/\/api.w.org\/{rel}","templated":true}]}}