{"id":655947,"date":"2025-12-18T20:50:33","date_gmt":"2025-12-18T20:50:33","guid":{"rendered":"https:\/\/www.europesays.com\/de\/655947\/"},"modified":"2025-12-18T20:50:33","modified_gmt":"2025-12-18T20:50:33","slug":"wenig-fehlzeiten-im-gastgewerbe-krankmeldungen-im-einzelhandel-auf-hoechstem-stand-seit-2003","status":"publish","type":"post","link":"https:\/\/www.europesays.com\/de\/655947\/","title":{"rendered":"Wenig Fehlzeiten im Gastgewerbe: Krankmeldungen im Einzelhandel auf h\u00f6chstem Stand seit 2003"},"content":{"rendered":"<p>Wenig Fehlzeiten im GastgewerbeKrankmeldungen im Einzelhandel auf h\u00f6chstem Stand seit 2003<\/p>\n<p>18.12.2025, 20:12 Uhr <\/p>\n<p>Artikel anh\u00f6ren(04:00 min)<\/p>\n<p><img decoding=\"async\" class=\"Image_img__fQCi0 Image_Img_16_9__4BLfH widget-picture-inline_maximizable__t_E7h\" loading=\"eager\" fetchpriority=\"high\" src=\"https:\/\/www.europesays.com\/de\/wp-content\/uploads\/2025\/12\/Eine-Frau-putzt-sich-in-einem-Park-mit-einem-Taschentuch-die-Nase-Die-Zahl-akuter-Atemwegserkrankung.webp\" alt=\"Eine-Frau-putzt-sich-in-einem-Park-mit-einem-Taschentuch-die-Nase-Die-Zahl-akuter-Atemwegserkrankungen-liegt-dem-aktuellen-Wochenbericht-des-Robert-Koch-Instituts-RKI-zufolge-auf-moderatem-Niveau-Hochgerechnet-aus-freiwilligen-Meldungen-der-Bevoelkerung-geht-das-RKI-von-rund-7-500-Erkrankungen-pro-100-000-Einwohner-aus\"\/>F\u00fcr die Untersuchung wurden die Daten von mehr als 100.000 im Einzelhandel besch\u00e4ftigten Versicherten ausgewertet. (Foto: picture alliance\/dpa)TeilenFolgen auf:<a href=\"https:\/\/www.whatsapp.com\/channel\/0029Va5cdVJD8SDp5YZgYF01\" title=\"Auf WhatsApp folgen\" target=\"_blank\" rel=\"nofollow noopener\"><img decoding=\"async\" src=\"https:\/\/www.n-tv.de\/socialIcons\/whatsapp.svg\" alt=\"whatsapp\" class=\"ArticleShare_icon__FsrC2\"\/><\/a><a href=\"https:\/\/news.google.com\/publications\/CAAiEPMdif5mpRNxiLOeUpHCwwsqFAgKIhDzHYn-ZqUTcYiznlKRwsML?hl=de&amp;gl=DE&amp;ceid=DE%3Ade\" title=\"Auf Google News folgen\" target=\"_blank\" rel=\"nofollow noopener\"><img decoding=\"async\" src=\"https:\/\/www.n-tv.de\/socialIcons\/google.svg\" alt=\"whatsapp\" class=\"ArticleShare_icon__FsrC2\"\/><\/a><\/p>\n<p class=\"Typography_text-m__XI0da Typography_weight-bold__uT6mq storyline_lead_text_leadtext__q_wg8\">Angestellte im Einzelhandel sind immer h\u00e4ufiger krank, zeigt eine Auswertung &#8211; insbesondere wegen psychischer Erkrankungen. Einen noch h\u00f6heren Krankenstand gibt es in der Pflege und in der Metallerzeugung, w\u00e4hrend Besch\u00e4ftigte in zwei weiteren Branchen weniger oft fehlen.<\/p>\n<p class=\"Typography_text-default__P3otY Typography_weight-normal__pqUbH storyline_paragraph_p__qSR5N\">Besch\u00e4ftigte im Einzelhandel sind laut einer Auswertung der AOK Rheinland\/Hamburg so h\u00e4ufig krankgeschrieben wie seit \u00fcber 20 Jahren nicht. Der Krankenstand stieg demnach im vergangenen Jahr auf 7,14 Prozent &#8211; den h\u00f6chsten Wert seit Beginn der Erhebung 2003. Damit waren t\u00e4glich im Schnitt mehr als 7 von 100 Angestellten im Einzelhandel arbeitsunf\u00e4hig. 2015 lag die Quote nach Angaben der gesetzlichen Krankenversicherung nur bei 5,28 Prozent. <\/p>\n<p class=\"Typography_text-default__P3otY Typography_weight-normal__pqUbH storyline_paragraph_p__qSR5N\">F\u00fcr die Untersuchung wurden die Daten von \u00fcber 100.000 im Einzelhandel besch\u00e4ftigten Versicherten ausgewertet. Die Gesundheitskasse betreut nach eigenen Angaben rund drei Millionen Versicherte. Besonders auff\u00e4llig sei laut AOK der starke Anstieg der Fehltage aufgrund psychischer Erkrankungen. 2024 war jede beziehungsweise jeder Besch\u00e4ftigte im Schnitt 5,7 Tage wegen einer psychischen Erkrankung arbeitsunf\u00e4hig. Vor zehn Jahren lag der Wert noch bei 3,9 Tagen. Die Zahl der Fehltage ist seitdem um fast 50 Prozent gestiegen. <\/p>\n<p>Handelsverband lehnt telefonische Krankschreibung ab<\/p>\n<p class=\"Typography_text-default__P3otY Typography_weight-normal__pqUbH storyline_paragraph_p__qSR5N\">Die Gesch\u00e4ftsf\u00fchrerin des Instituts f\u00fcr Betriebliche Gesundheitsf\u00f6rderung der AOK Rheinland\/Hamburg, Merit Kirch, nennt mehrere Gr\u00fcnde f\u00fcr den h\u00f6heren Krankenstand im Einzelhandel: &#8222;Dazu z\u00e4hlen eine hohe psychische Belastung durch den intensiven Kundenkontakt, die angespannte Personalsituation, Sorgen um den Arbeitsplatz sowie zunehmender Kostendruck und der wachsende Wettbewerb durch den Onlinehandel.&#8220; Der station\u00e4re Einzelhandel hat mit Schwierigkeiten zu k\u00e4mpfen: Zwischen August 2024 und August 2025 registrierte der Kreditversicherer Allianz Trade 2.490 Insolvenzen &#8211; so viele wie seit Jahren nicht mehr.<\/p>\n<\/p>\n<p class=\"Typography_text-default__P3otY Typography_weight-normal__pqUbH storyline_paragraph_p__qSR5N\">Der hohe Krankenstand belaste die Unternehmen in schwierigen Zeiten zus\u00e4tzlich und schw\u00e4che die Wettbewerbsf\u00e4higkeit der Branche, beklagte Stefan Genth, Hauptgesch\u00e4ftsf\u00fchrer des Handelsverbandes Deutschland. Eine Ursache daf\u00fcr sieht er in der telefonischen Krankschreibung. Der Verband fordert, diese wieder abzuschaffen. Nach zwei Jahren k\u00f6nne man genau sehen, ob es zu einem R\u00fcckgang der Krankschreibungen gekommen sei, so Genth. Die M\u00f6glichkeit, sich per Telefon krankschreiben zu lassen, war in der Corona-Pandemie eingef\u00fchrt worden. Ende 2023 trat eine dauerhafte Regelung in Kraft.<\/p>\n<p>Krankenstand variiert je nach Branche stark<\/p>\n<p class=\"Typography_text-default__P3otY Typography_weight-normal__pqUbH storyline_paragraph_p__qSR5N\">Der Krankenstand im Einzelhandel lag der Analyse zufolge 2024 allerdings weiterhin leicht unter dem branchen\u00fcbergreifenden Durchschnitt von 7,18 Prozent. Ein m\u00f6glicher Grund: Die Besch\u00e4ftigten im Einzelhandel sind mit 37,7 Jahren im Durchschnitt deutlich j\u00fcnger als in anderen Branchen, wo der Altersdurchschnitt bei 41 Jahren liegt.<\/p>\n<p class=\"Typography_text-default__P3otY Typography_weight-normal__pqUbH storyline_paragraph_p__qSR5N\">In der Pflege lag die Quote des krank gemeldeten Personals 2024 bei 9,36 Prozent, in der Metallerzeugung bei 9,33 Prozent und in der \u00f6ffentlichen Verwaltung bei 8,70 Prozent. Deutlich niedriger ist der Anteil unter anderem in der Branche Finanzen\/Versicherungen (5 Prozent) und im Gastgewerbe (4,84 Prozent).<\/p>\n<p class=\"Typography_text-s__wu_cm Typography_weight-normal__pqUbH Typography_color-darkgrey__sZEnP article-detail-footer_source__KslPc\">Quelle: ntv.de, bho\/dpa<\/p>\n","protected":false},"excerpt":{"rendered":"Wenig Fehlzeiten im GastgewerbeKrankmeldungen im Einzelhandel auf h\u00f6chstem Stand seit 2003 18.12.2025, 20:12 Uhr Artikel anh\u00f6ren(04:00 min) F\u00fcr&hellip;\n","protected":false},"author":2,"featured_media":655948,"comment_status":"","ping_status":"","sticky":false,"template":"","format":"standard","meta":{"footnotes":""},"categories":[134],"tags":[27849,175,170,169,29,1072,30,19839,166,171,174,173,172,55],"class_list":{"0":"post-655947","1":"post","2":"type-post","3":"status-publish","4":"format-standard","5":"has-post-thumbnail","7":"category-unternehmen-maerkte","8":"tag-aok","9":"tag-business","10":"tag-companies","11":"tag-companies-markets","12":"tag-deutschland","13":"tag-einzelhandel","14":"tag-germany","15":"tag-gesetzliche-krankenkassen","16":"tag-krankenkassen","17":"tag-markets","18":"tag-maerkte","19":"tag-unternehmen","20":"tag-unternehmen-maerkte","21":"tag-wirtschaft"},"share_on_mastodon":{"url":"","error":""},"_links":{"self":[{"href":"https:\/\/www.europesays.com\/de\/wp-json\/wp\/v2\/posts\/655947","targetHints":{"allow":["GET"]}}],"collection":[{"href":"https:\/\/www.europesays.com\/de\/wp-json\/wp\/v2\/posts"}],"about":[{"href":"https:\/\/www.europesays.com\/de\/wp-json\/wp\/v2\/types\/post"}],"author":[{"embeddable":true,"href":"https:\/\/www.europesays.com\/de\/wp-json\/wp\/v2\/users\/2"}],"replies":[{"embeddable":true,"href":"https:\/\/www.europesays.com\/de\/wp-json\/wp\/v2\/comments?post=655947"}],"version-history":[{"count":0,"href":"https:\/\/www.europesays.com\/de\/wp-json\/wp\/v2\/posts\/655947\/revisions"}],"wp:featuredmedia":[{"embeddable":true,"href":"https:\/\/www.europesays.com\/de\/wp-json\/wp\/v2\/media\/655948"}],"wp:attachment":[{"href":"https:\/\/www.europesays.com\/de\/wp-json\/wp\/v2\/media?parent=655947"}],"wp:term":[{"taxonomy":"category","embeddable":true,"href":"https:\/\/www.europesays.com\/de\/wp-json\/wp\/v2\/categories?post=655947"},{"taxonomy":"post_tag","embeddable":true,"href":"https:\/\/www.europesays.com\/de\/wp-json\/wp\/v2\/tags?post=655947"}],"curies":[{"name":"wp","href":"https:\/\/api.w.org\/{rel}","templated":true}]}}