{"id":655961,"date":"2025-12-18T21:08:34","date_gmt":"2025-12-18T21:08:34","guid":{"rendered":"https:\/\/www.europesays.com\/de\/655961\/"},"modified":"2025-12-18T21:08:34","modified_gmt":"2025-12-18T21:08:34","slug":"braunschweig-polizei-verfolgt-einbrecher-mit-helikopter","status":"publish","type":"post","link":"https:\/\/www.europesays.com\/de\/655961\/","title":{"rendered":"Braunschweig: Polizei verfolgt Einbrecher mit Helikopter"},"content":{"rendered":"<p>\n                Stand: 18.12.2025 20:30 Uhr<\/p>\n<p>                    <a href=\"https:\/\/www.europesays.com\/de\/wp-content\/uploads\/2025\/12\/einbruch628.webp\" class=\"zoomimage\" title=\"Bild vergr\u00f6\u00dfern\"><\/p>\n<p>        <img decoding=\"async\" src=\"https:\/\/www.europesays.com\/de\/wp-content\/uploads\/2025\/12\/einbruch628.webp\" alt=\"Einbrecher hebelt mit einem Brecheisen ein Fenster auf.\" title=\"Mit Luftunterst\u00fctzung der Bundespolizei wurden die mutma\u00dflichen Einbrecher geschnappt. (Themenbild) | Fotolia.com, sdecoret\" class=\"responsive\" loading=\"lazy\"\/><\/p>\n<p>                    <\/a><\/p>\n<p>                    Mit Luftunterst\u00fctzung der Bundespolizei wurden die mutma\u00dflichen Einbrecher geschnappt. (Themenbild)<\/p>\n<p class=\"\">Nach einem Einbruch in Braunschweig hat die Polizei am Mittwochabend drei Verd\u00e4chtige geschnappt. Die drei M\u00e4nner sollen nach Polizeiangaben versucht haben, in ein Einfamilienhaus im Stadtteil Kanzlerfeld einzusteigen. Demnach war eine Bewohnerin aber zu Hause und alarmierte die Polizei. Als Einsatzkr\u00e4fte eintrafen, ergriffen die mutma\u00dflichen Einbrecher die Flucht. Die Polizei verfolgte sie, ein Hubschrauber der Bundespolizei unterst\u00fctzte die Beamten aus der Luft. Mithilfe der Helikopterbesatzung seien die Verd\u00e4chtigen schlie\u00dflich gestellt worden, so die Polizei. Wie die Polizei am Donnerstag erkl\u00e4rte, wurde bei dem Trio Diebesgut gefunden &#8211; auch aus einem weiteren Haus in Kanzlerfeld, dessen Bewohnerinnen und Bewohner sich sp\u00e4ter bei der Polizei gemeldet h\u00e4tten.<\/p>\n<p>\n        20:27 Uhr\n    <\/p>\n<p class=\"correction\">Hinweis der Redaktion: In einer fr\u00fcheren Fassung hie\u00df es f\u00e4lschlicherweise, es habe sich um zwei Einbrecher gehandelt. Neueren Angaben der Polizei zufolge waren es drei.<\/p>\n<p>Dieses Thema im Programm:<\/p>\n<p>                NDR 1 Niedersachsen | Regional Braunschweig | 18.12.2025 | 09:30 Uhr<\/p>\n","protected":false},"excerpt":{"rendered":"Stand: 18.12.2025 20:30 Uhr Mit Luftunterst\u00fctzung der Bundespolizei wurden die mutma\u00dflichen Einbrecher geschnappt. (Themenbild) Nach einem Einbruch in&hellip;\n","protected":false},"author":2,"featured_media":655962,"comment_status":"","ping_status":"","sticky":false,"template":"","format":"standard","meta":{"footnotes":""},"categories":[1850],"tags":[590,6429,3364,29,2819,548,663,3934,30,13,23442,14,15,1411,12,16717],"class_list":{"0":"post-655961","1":"post","2":"type-post","3":"status-publish","4":"format-standard","5":"has-post-thumbnail","7":"category-braunschweig","8":"tag-aktuell","9":"tag-braunschweig","10":"tag-de","11":"tag-deutschland","12":"tag-einbruch","13":"tag-eu","14":"tag-europa","15":"tag-europe","16":"tag-germany","17":"tag-headlines","18":"tag-helikopter","19":"tag-nachrichten","20":"tag-news","21":"tag-niedersachsen","22":"tag-schlagzeilen","23":"tag-verfolgung"},"share_on_mastodon":{"url":"https:\/\/pubeurope.com\/@de\/115742620103530850","error":""},"_links":{"self":[{"href":"https:\/\/www.europesays.com\/de\/wp-json\/wp\/v2\/posts\/655961","targetHints":{"allow":["GET"]}}],"collection":[{"href":"https:\/\/www.europesays.com\/de\/wp-json\/wp\/v2\/posts"}],"about":[{"href":"https:\/\/www.europesays.com\/de\/wp-json\/wp\/v2\/types\/post"}],"author":[{"embeddable":true,"href":"https:\/\/www.europesays.com\/de\/wp-json\/wp\/v2\/users\/2"}],"replies":[{"embeddable":true,"href":"https:\/\/www.europesays.com\/de\/wp-json\/wp\/v2\/comments?post=655961"}],"version-history":[{"count":0,"href":"https:\/\/www.europesays.com\/de\/wp-json\/wp\/v2\/posts\/655961\/revisions"}],"wp:featuredmedia":[{"embeddable":true,"href":"https:\/\/www.europesays.com\/de\/wp-json\/wp\/v2\/media\/655962"}],"wp:attachment":[{"href":"https:\/\/www.europesays.com\/de\/wp-json\/wp\/v2\/media?parent=655961"}],"wp:term":[{"taxonomy":"category","embeddable":true,"href":"https:\/\/www.europesays.com\/de\/wp-json\/wp\/v2\/categories?post=655961"},{"taxonomy":"post_tag","embeddable":true,"href":"https:\/\/www.europesays.com\/de\/wp-json\/wp\/v2\/tags?post=655961"}],"curies":[{"name":"wp","href":"https:\/\/api.w.org\/{rel}","templated":true}]}}