{"id":656413,"date":"2025-12-19T02:06:21","date_gmt":"2025-12-19T02:06:21","guid":{"rendered":"https:\/\/www.europesays.com\/de\/656413\/"},"modified":"2025-12-19T02:06:21","modified_gmt":"2025-12-19T02:06:21","slug":"messerattacke-polizei-sieht-notwehr-bei-messerstecherei-in-bielefeld-panorama","status":"publish","type":"post","link":"https:\/\/www.europesays.com\/de\/656413\/","title":{"rendered":"Messerattacke &#8211; Polizei sieht Notwehr bei Messerstecherei in Bielefeld &#8211; Panorama"},"content":{"rendered":"<p data-manual=\"paragraph\" data-schema-org-speakable=\"true\" class=\"css-1eosz7k\">Bielefeld (dpa\/lnw) &#8211; Nach einer Messerstecherei am Mittwochabend in Bielefeld geht die Polizei jetzt von einer Notwehrsituation aus. Nach den ersten Ermittlungen sollen mindestens vier M\u00e4nner aus Ostbevern bei einem Streit auf einem Parkplatz in Bielefeld einen 48-J\u00e4hrigen auch mit einer Schreckschusspistole angegriffen haben. Der f\u00e4llt zu Boden und wehrt sich mit einem Messer. Vorausgegangen war den Ermittlungsbeh\u00f6rden zufolge eine geplante Aussprache zwischen den 20 bis 22 Jahre alten M\u00e4nnern aus dem Kreis Warendorf und dem Sohn des Bielefelders.\u00a0<\/p>\n<p data-manual=\"paragraph\" data-schema-org-speakable=\"true\" class=\"css-1eosz7k\">Der Vater soll nach Angaben der Polizei zuerst angegriffen worden sein. Dabei sollen die M\u00e4nner auf ihn eingetreten haben, als er bereits am Boden lag. In der Notwehrsituation habe er daraufhin drei der Angreifer verletzt, einen von ihnen lebensgef\u00e4hrlich. Nach einer Notoperation hat sich sein Gesundheitszustand stabilisiert, wie die Polizei bekanntgab. Der 48-J\u00e4hrige galt anfangs als fl\u00fcchtig und wurde dann in seiner Wohnung in Bielefeld gefunden.\u00a0<\/p>\n<p data-manual=\"paragraph\" data-schema-org-speakable=\"true\" class=\"css-1eosz7k\">Gegen die M\u00e4nner aus Ostbevern laufen jetzt Ermittlungen wegen gef\u00e4hrlicher K\u00f6rperverletzung. Der Grund f\u00fcr die Auseinandersetzung ist noch Teil der Ermittlungen. Auch gegen einen f\u00fcnften, bislang unbekannten Tatverd\u00e4chtigen wird laut Polizei ermittelt.<\/p>\n<p data-manual=\"paragraph\" data-schema-org-speakable=\"true\" class=\"css-1eosz7k\">\u00a9 dpa-infocom, dpa:251218-930-440249\/2<\/p>\n","protected":false},"excerpt":{"rendered":"Bielefeld (dpa\/lnw) &#8211; Nach einer Messerstecherei am Mittwochabend in Bielefeld geht die Polizei jetzt von einer Notwehrsituation aus.&hellip;\n","protected":false},"author":2,"featured_media":656414,"comment_status":"","ping_status":"","sticky":false,"template":"","format":"standard","meta":{"footnotes":""},"categories":[1841],"tags":[1605,3364,29,30,1584,1209,1974,149],"class_list":{"0":"post-656413","1":"post","2":"type-post","3":"status-publish","4":"format-standard","5":"has-post-thumbnail","7":"category-bielefeld","8":"tag-bielefeld","9":"tag-de","10":"tag-deutschland","11":"tag-germany","12":"tag-kriminalitaet","13":"tag-nordrhein-westfalen","14":"tag-panorama","15":"tag-sueddeutsche-zeitung"},"share_on_mastodon":{"url":"https:\/\/pubeurope.com\/@de\/115743790532065613","error":""},"_links":{"self":[{"href":"https:\/\/www.europesays.com\/de\/wp-json\/wp\/v2\/posts\/656413","targetHints":{"allow":["GET"]}}],"collection":[{"href":"https:\/\/www.europesays.com\/de\/wp-json\/wp\/v2\/posts"}],"about":[{"href":"https:\/\/www.europesays.com\/de\/wp-json\/wp\/v2\/types\/post"}],"author":[{"embeddable":true,"href":"https:\/\/www.europesays.com\/de\/wp-json\/wp\/v2\/users\/2"}],"replies":[{"embeddable":true,"href":"https:\/\/www.europesays.com\/de\/wp-json\/wp\/v2\/comments?post=656413"}],"version-history":[{"count":0,"href":"https:\/\/www.europesays.com\/de\/wp-json\/wp\/v2\/posts\/656413\/revisions"}],"wp:featuredmedia":[{"embeddable":true,"href":"https:\/\/www.europesays.com\/de\/wp-json\/wp\/v2\/media\/656414"}],"wp:attachment":[{"href":"https:\/\/www.europesays.com\/de\/wp-json\/wp\/v2\/media?parent=656413"}],"wp:term":[{"taxonomy":"category","embeddable":true,"href":"https:\/\/www.europesays.com\/de\/wp-json\/wp\/v2\/categories?post=656413"},{"taxonomy":"post_tag","embeddable":true,"href":"https:\/\/www.europesays.com\/de\/wp-json\/wp\/v2\/tags?post=656413"}],"curies":[{"name":"wp","href":"https:\/\/api.w.org\/{rel}","templated":true}]}}