{"id":656439,"date":"2025-12-19T02:23:13","date_gmt":"2025-12-19T02:23:13","guid":{"rendered":"https:\/\/www.europesays.com\/de\/656439\/"},"modified":"2025-12-19T02:23:13","modified_gmt":"2025-12-19T02:23:13","slug":"zahlen-zum-bierkonsum-in-deutschland","status":"publish","type":"post","link":"https:\/\/www.europesays.com\/de\/656439\/","title":{"rendered":"Zahlen zum Bierkonsum in Deutschland"},"content":{"rendered":"<p>Heute, am 23.4., j\u00e4hrt sich wieder der \u201eTag des deutschen Bieres\u201c, an dem vor 500 Jahren das ber\u00fchmte deutsche Reinheitsgebot verk\u00fcndet wurde. Dazu pr\u00e4sentieren wir spannende Zahlen zum Bierkonsum: Unter anderem, wie viel Liter Bier in Deutschland pro Minute getrunken werden.<\/p>\n<p>Jede Minute werden in Deutschland rund 15.788 Liter Bier getrunken. Auf den Tag gerechnet kommen somit \u00fcber 22 Millionen Liter zusammen, wobei es am heutigen Samstag vermutlich ein paar Liter mehr sein d\u00fcrften.<\/p>\n<p>Die Fakten zum deutschen Bier<\/p>\n<p>\u2022\u00a0\u00a0\u00a0\u00a0\u00a0\u00a0\u00a0\u00a0 die Deutschen trinken stolze 8 Milliarden Liter Bier pro Jahr &amp; sind absolute Spitzenreiter im Europa-Vergleich (Platz 2: Gro\u00dfbritannien mit 4 Milliarden Litern)<br \/>\u2022\u00a0\u00a0\u00a0\u00a0\u00a0\u00a0\u00a0\u00a0 Pils ist mit 3,5 Milliarden Litern pro Jahr die unangefochtene Nummer 1 unter den Biersorten, gefolgt von Export (0,49 Milliarden Liter) und Weizen (0,48 Milliarden Liter) <br \/>\u2022\u00a0\u00a0\u00a0\u00a0\u00a0\u00a0\u00a0\u00a0 die Deutschen geben 19 Milliarden Euro pro Jahr f\u00fcr Bier aus<br \/>\u2022\u00a0\u00a0\u00a0\u00a0\u00a0\u00a0\u00a0\u00a0 wovon 695 Millionen Euro als Biersteuer in der Staatskasse landen<\/p>\n<p>Wie viel Bier wird in Deutschland getrunken<\/p>\n<p>https:\/\/www.gutscheinsammler.de\/bierkonsum-echtzeit\/embed\/<a href=\"https:\/\/www.gutscheinsammler.de\/bierkonsum-echtzeit\/\" title=\"gutscheinsammler.de\" rel=\"nofollow noopener\" target=\"_blank\">Bierkonsum Deutschland in Echtzeit \u2013 Gutscheinsammler.de<\/a><\/p>\n","protected":false},"excerpt":{"rendered":"Heute, am 23.4., j\u00e4hrt sich wieder der \u201eTag des deutschen Bieres\u201c, an dem vor 500 Jahren das ber\u00fchmte&hellip;\n","protected":false},"author":2,"featured_media":656440,"comment_status":"","ping_status":"","sticky":false,"template":"","format":"standard","meta":{"footnotes":""},"categories":[2],"tags":[331,3924,332,3922,2326,52128,3364,29,30,13,23019,14,3923,15,3921,12,153630],"class_list":{"0":"post-656439","1":"post","2":"type-post","3":"status-publish","4":"format-standard","5":"has-post-thumbnail","7":"category-deutschland","8":"tag-aktuelle-nachrichten","9":"tag-aktuelle-nachrichten-aus-deutschland","10":"tag-aktuelle-news","11":"tag-aktuelle-news-aus-deutschland","12":"tag-bier","13":"tag-bierkonsum","14":"tag-de","15":"tag-deutschland","16":"tag-germany","17":"tag-headlines","18":"tag-liter","19":"tag-nachrichten","20":"tag-nachrichten-aus-deutschland","21":"tag-news","22":"tag-news-aus-deutschland","23":"tag-schlagzeilen","24":"tag-wie-viel-bier-wird-in-deutschland-getrunken"},"share_on_mastodon":{"url":"https:\/\/pubeurope.com\/@de\/115743857386822175","error":""},"_links":{"self":[{"href":"https:\/\/www.europesays.com\/de\/wp-json\/wp\/v2\/posts\/656439","targetHints":{"allow":["GET"]}}],"collection":[{"href":"https:\/\/www.europesays.com\/de\/wp-json\/wp\/v2\/posts"}],"about":[{"href":"https:\/\/www.europesays.com\/de\/wp-json\/wp\/v2\/types\/post"}],"author":[{"embeddable":true,"href":"https:\/\/www.europesays.com\/de\/wp-json\/wp\/v2\/users\/2"}],"replies":[{"embeddable":true,"href":"https:\/\/www.europesays.com\/de\/wp-json\/wp\/v2\/comments?post=656439"}],"version-history":[{"count":0,"href":"https:\/\/www.europesays.com\/de\/wp-json\/wp\/v2\/posts\/656439\/revisions"}],"wp:featuredmedia":[{"embeddable":true,"href":"https:\/\/www.europesays.com\/de\/wp-json\/wp\/v2\/media\/656440"}],"wp:attachment":[{"href":"https:\/\/www.europesays.com\/de\/wp-json\/wp\/v2\/media?parent=656439"}],"wp:term":[{"taxonomy":"category","embeddable":true,"href":"https:\/\/www.europesays.com\/de\/wp-json\/wp\/v2\/categories?post=656439"},{"taxonomy":"post_tag","embeddable":true,"href":"https:\/\/www.europesays.com\/de\/wp-json\/wp\/v2\/tags?post=656439"}],"curies":[{"name":"wp","href":"https:\/\/api.w.org\/{rel}","templated":true}]}}