{"id":656443,"date":"2025-12-19T02:25:19","date_gmt":"2025-12-19T02:25:19","guid":{"rendered":"https:\/\/www.europesays.com\/de\/656443\/"},"modified":"2025-12-19T02:25:19","modified_gmt":"2025-12-19T02:25:19","slug":"einflussnahme-streit-zwischen-swb-und-bonner-stadtspitze","status":"publish","type":"post","link":"https:\/\/www.europesays.com\/de\/656443\/","title":{"rendered":"Einflussnahme? Streit zwischen SWB und Bonner Stadtspitze"},"content":{"rendered":"<p class=\"small date article__date\">Ver\u00f6ffentlicht:\u00a0Donnerstag, 18.12.2025 16:38<\/p>\n<p>Es herrscht dicke Luft zwischen den Bonner Stadtwerken und der Stadtverwaltung &#8211; genauer: der Stadtspitze. Es wird gestritten um ein Grundst\u00fcck am Flugplatz Hangelar. Jetzt soll das Rechnungspr\u00fcfungsamt die Vorg\u00e4nge \u00fcberpr\u00fcfen, und eine K\u00f6lner Kanzlei ist auch eingeschaltet.<\/p>\n<p><img decoding=\"async\" alt=\"\" src=\"https:\/\/www.europesays.com\/de\/wp-content\/uploads\/2025\/12\/stadthaus-bonn-foto---michael-sondermann.jpg&#038;crop=0x74x3543x2214&#038;resize=1280x799&#038;dt=201901311035330.jpeg\" data-size=\"1280x799\"\/>\u00a9 Foto: Michael Sondermann<\/p>\n<p>Die Betreibergesellschaft des Flugplatzes Hangelar hat ein Vorkaufsrecht f\u00fcr das besagte Grundst\u00fcck. Die Stadtwerke sind fast zur H\u00e4lfte an dieser Gesellschaft beteiligt und wollen, dass dieses Recht auch genutzt, das Grundst\u00fcck also gekauft wird. Problem: Der am Montag im nicht \u00f6ffentlichen Teil der Bonner Ratssitzung frisch bef\u00f6rderte Co-Dezernent Christian Siegberg hat die SWB wohl angewiesen, dieses Vorkaufsrecht nicht wahrzunehmen. Das soll er im Auftrag des Oberb\u00fcrgermeisters gemacht haben. Die Stadtwerke lassen nun pr\u00fcfen, ob die Stadtverwaltung unangemessen Einfluss nehmen wollte. Sie haben eine Kanzlei mit einer unabh\u00e4ngigen Compliance-Pr\u00fcfung beauftragt. Man lege gro\u00dfen Wert auf Transparenz und Integrit\u00e4t, sagen die Stadtwerke. Den Gr\u00fcnen und den Linken im Bonner Stadtrat reicht das noch nicht. Sie haben selber Akteneinsicht beantragt. Der Antrag ist noch in Bearbeitung.<\/p>\n","protected":false},"excerpt":{"rendered":"Ver\u00f6ffentlicht:\u00a0Donnerstag, 18.12.2025 16:38 Es herrscht dicke Luft zwischen den Bonner Stadtwerken und der Stadtverwaltung &#8211; genauer: der Stadtspitze.&hellip;\n","protected":false},"author":2,"featured_media":132690,"comment_status":"","ping_status":"","sticky":false,"template":"","format":"standard","meta":{"footnotes":""},"categories":[1842],"tags":[153631,123549,15516,1741,3364,29,30,44478,1209],"class_list":{"0":"post-656443","1":"post","2":"type-post","3":"status-publish","4":"format-standard","5":"has-post-thumbnail","7":"category-bonn","8":"tag-compliance-verfahren","9":"tag-guido-deus","10":"tag-stadtwerke-bonn","11":"tag-bonn","12":"tag-de","13":"tag-deutschland","14":"tag-germany","15":"tag-grundstck","16":"tag-nordrhein-westfalen"},"share_on_mastodon":{"url":"https:\/\/pubeurope.com\/@de\/115743866370010991","error":""},"_links":{"self":[{"href":"https:\/\/www.europesays.com\/de\/wp-json\/wp\/v2\/posts\/656443","targetHints":{"allow":["GET"]}}],"collection":[{"href":"https:\/\/www.europesays.com\/de\/wp-json\/wp\/v2\/posts"}],"about":[{"href":"https:\/\/www.europesays.com\/de\/wp-json\/wp\/v2\/types\/post"}],"author":[{"embeddable":true,"href":"https:\/\/www.europesays.com\/de\/wp-json\/wp\/v2\/users\/2"}],"replies":[{"embeddable":true,"href":"https:\/\/www.europesays.com\/de\/wp-json\/wp\/v2\/comments?post=656443"}],"version-history":[{"count":0,"href":"https:\/\/www.europesays.com\/de\/wp-json\/wp\/v2\/posts\/656443\/revisions"}],"wp:featuredmedia":[{"embeddable":true,"href":"https:\/\/www.europesays.com\/de\/wp-json\/wp\/v2\/media\/132690"}],"wp:attachment":[{"href":"https:\/\/www.europesays.com\/de\/wp-json\/wp\/v2\/media?parent=656443"}],"wp:term":[{"taxonomy":"category","embeddable":true,"href":"https:\/\/www.europesays.com\/de\/wp-json\/wp\/v2\/categories?post=656443"},{"taxonomy":"post_tag","embeddable":true,"href":"https:\/\/www.europesays.com\/de\/wp-json\/wp\/v2\/tags?post=656443"}],"curies":[{"name":"wp","href":"https:\/\/api.w.org\/{rel}","templated":true}]}}