{"id":656469,"date":"2025-12-19T02:42:30","date_gmt":"2025-12-19T02:42:30","guid":{"rendered":"https:\/\/www.europesays.com\/de\/656469\/"},"modified":"2025-12-19T02:42:30","modified_gmt":"2025-12-19T02:42:30","slug":"sachsens-justizministerin-beglueckwuenscht-neu-gewaehlte-richterinnen-am-bundesgerichtshof-und-am-bundesverwaltungsgericht","status":"publish","type":"post","link":"https:\/\/www.europesays.com\/de\/656469\/","title":{"rendered":"Sachsens Justizministerin begl\u00fcckw\u00fcnscht neu gew\u00e4hlte Richterinnen am Bundesgerichtshof und am Bundesverwaltungsgericht"},"content":{"rendered":"<p class=\"publish-info\">18.12.2025, 15:47 Uhr \u2014 Erstver\u00f6ffentlichung (aktuell)<\/p>\n<p>Berlin (18.12.2025) &#8211; Der Richterwahlausschuss hat am 18. Dezember 2025 in Berlin neue Richterinnen und Richter beim Bundesgerichtshof und beim Bundesverwaltungsgericht gew\u00e4hlt, unter ihnen Frau Vorsitzende Richterin am Landgericht Antje Schiller zur Richterin am Bundesgerichtshof und Frau Vorsitzende Richterin am Finanzgericht Dr. Franka Lau zur Richterin am Bundesverwaltungsgericht. Die Richterinnen und Richter der obersten Gerichtsh\u00f6fe des Bundes werden von der zust\u00e4ndigen Bundesministerin gemeinsam mit dem Richterwahlausschuss berufen und vom Bundespr\u00e4sidenten ernannt. <\/p>\n<p><b>Justizministerin Prof. Constanze Geiert<\/b> begl\u00fcckw\u00fcnscht die Gew\u00e4hlten: \u00bbBundesrichterinnen und -richter werden aufgrund ihrer herausragenden Qualifikation ausgew\u00e4hlt. Mit der Wahl von Frau Schiller und Frau Dr. Lau zu Bundesrichterinnen erhalten zwei exzellente ostdeutsche Juristinnen die M\u00f6glichkeit, ihre beeindruckende Karriere an den obersten Gerichten des Bundes fortzusetzen. Der Freistaat Sachsen ist stolz darauf, diese beiden hochqualifizierten und engagierten Richterpers\u00f6nlichkeiten an den Bundesgerichtshof und das Bundesverwaltungsgericht zu entsenden. Die Wahl der beiden Juristinnen aus Sachsen unterstreicht zudem das hohe Niveau der s\u00e4chsischen Gerichtsbarkeit und der Justiz insgesamt. Ich w\u00fcnsche ihnen viel Erfolg und Freude in dem neuen verantwortungsvollen Amt.\u00ab<\/p>\n<p><b>Antje Schiller<\/b> wurde im Jahr 2005 zur Richterin auf Probe ernannt und infolge dessen beim Sozialgericht Chemnitz und beim Landgericht Leipzig eingesetzt. 2009 wurde sie zur Staatsanw\u00e4ltin bei der Staatsanwaltschaft Leipzig ernannt. Von 2012 bis 2015 war Frau Schiller als wissenschaftliche Mitarbeiterin an den Bundesgerichtshof abgeordnet. Im Jahr 2019 wurde sie zur Richterin am Landgericht Leipzig und 2024 \u2013 ebenfalls am Landgericht Leipzig \u2013 zur Vorsitzenden Richterin ernannt, als welche sie seitdem t\u00e4tig ist.<\/p>\n<p><b>Dr. Franka Lau<\/b> wurde im Jahr 2001 zur Richterin auf Probe ernannt und war infolge dessen beim Amtsgericht Leipzig sowie im Abordnungswege beim S\u00e4chsischen Staatsministerium der Justiz t\u00e4tig, wo ihr 2003 das Amt einer Regierungsr\u00e4tin \u00fcbertragen wurde. Im Jahr 2004 erfolgte ihre Ernennung zur Staatsanw\u00e4ltin bei der Staatsanwaltschaft Leipzig. W\u00e4hrend einer mehrj\u00e4hrigen Abordnung an das S\u00e4chsische Staatsministerium des Innern wurde sie zur Richterin am Sozialgericht ernannt und war im Anschluss an die Abordnung bei den Sozialgerichten Chemnitz und Dresden t\u00e4tig. Von 2011 bis 2014 wurde Frau Dr. Lau als wissenschaftliche Mitarbeiterin an das Bundesverwaltungsgericht abgeordnet. Nach einer anschlie\u00dfenden Abordnung an das S\u00e4chsische Landessozialgericht in Chemnitz wurde sie dort 2014 zur Richterin ernannt. 2020 erfolgte die Ernennung zur Vizepr\u00e4sidentin des Verwaltungsgerichts Leipzig und 2025 zur Vorsitzenden Richterin am Finanzgericht in Leipzig, wo sie seitdem t\u00e4tig ist.<\/p>\n<p>    Medieninformationen suchen<\/p>\n<p>OrganisationalleAmtsgericht Bautzen<br \/>\nAmtsgericht Chemnitz<br \/>\nAmtsgericht Dippoldiswalde<br \/>\nAmtsgericht Eilenburg<br \/>\nAmtsgericht Grimma<br \/>\nAmtsgericht Hohenstein-Ernstthal<br \/>\nAmtsgericht Leipzig<br \/>\nAmtsgericht Pirna<br \/>\nAmtsgericht Torgau<br \/>\nArbeitsgericht Dresden<br \/>\nArbeitsgericht Leipzig<br \/>\nLandgericht Chemnitz<br \/>\nS\u00e4chsisches Finanzgericht<br \/>\nS\u00e4chsisches Landesarbeitsgericht<br \/>\nS\u00e4chsisches Oberverwaltungsgericht<br \/>\nSozialgericht Chemnitz<br \/>\nSozialgericht Dresden<br \/>\nSozialgericht Leipzig<br \/>\nVerwaltungsgericht Chemnitz<br \/>\nVerwaltungsgericht Dresden<br \/>\nVerwaltungsgericht Leipzig<br \/>\nOberlandesgericht Dresden<br \/>\nDienstgericht f\u00fcr Richterinnen und Richter<br \/>\nLandgericht Leipzig<br \/>\nS\u00e4chsisches LandessozialgerichtJugendstrafvollzugsanstalt Regis-Breitingen<br \/>\nJustizvollzugsanstalt Bautzen<br \/>\nJustizvollzugsanstalt Chemnitz<br \/>\nJustizvollzugsanstalt Dresden<br \/>\nJustizvollzugsanstalt G\u00f6rlitz<br \/>\nJustizvollzugsanstalt Leipzig mit Krankenhaus<br \/>\nJustizvollzugsanstalt Torgau<br \/>\nJustizvollzugsanstalt Waldheim<br \/>\nJustizvollzugsanstalt Zeithain<br \/>\nJustizvollzugsanstalt ZwickauS\u00e4chsische Staatskanzlei<br \/>\n\u00a0\u00a0\u00a0\u00a0Landesbeauftragter f\u00fcr Inklusion der Menschen mit Behinderungen<br \/>\nS\u00e4chsische Staatsministerin f\u00fcr Gleichstellung und Integration<br \/>\nS\u00e4chsische Staatsministerin f\u00fcr Kultur und Tourismus<br \/>\nS\u00e4chsisches Staatsministerium der Finanzen<br \/>\n\u00a0\u00a0\u00a0\u00a0Landesamt f\u00fcr Steuern und Finanzen<br \/>\n\u00a0\u00a0\u00a0\u00a0Staatsbetrieb S\u00e4chsisches Immobilien- und Baumanagement<br \/>\n\u00a0\u00a0\u00a0\u00a0Staatsbetrieb Zentrales Fl\u00e4chenmanagement Sachsen<br \/>\nS\u00e4chsisches Staatsministerium der Justiz<br \/>\n\u00a0\u00a0\u00a0\u00a0Ausbildungszentrum Bobritzsch<br \/>\n\u00a0\u00a0\u00a0\u00a0Generalstaatsanwaltschaft Dresden<br \/>\nS\u00e4chsisches Staatsministerium des Innern<br \/>\n\u00a0\u00a0\u00a0\u00a0Hochschule Mei\u00dfen (FH) und Fortbildungszentrum<br \/>\n\u00a0\u00a0\u00a0\u00a0Landesamt f\u00fcr Verfassungsschutz Sachsen<br \/>\n\u00a0\u00a0\u00a0\u00a0Landesdirektion Sachsen<br \/>\n\u00a0\u00a0\u00a0\u00a0S\u00e4chsisches Staatsarchiv<br \/>\n\u00a0\u00a0\u00a0\u00a0Statistisches Landesamt<br \/>\nS\u00e4chsisches Staatsministerium f\u00fcr Umwelt und Landwirtschaft<br \/>\n\u00a0\u00a0\u00a0\u00a0Landesamt f\u00fcr Umwelt, Landwirtschaft und Geologie<br \/>\n\u00a0\u00a0\u00a0\u00a0Landestalsperrenverwaltung des Freistaates Sachsen<br \/>\n\u00a0\u00a0\u00a0\u00a0S\u00e4chsische Gest\u00fctsverwaltung<br \/>\n\u00a0\u00a0\u00a0\u00a0S\u00e4chsische Landesstiftung Natur und Umwelt<br \/>\n\u00a0\u00a0\u00a0\u00a0Staatsbetrieb Sachsenforst<br \/>\n\u00a0\u00a0\u00a0\u00a0Staatsbetrieb Staatliche Betriebsgesellschaft f\u00fcr Umwelt und Landwirtschaft<br \/>\nS\u00e4chsisches Staatsministerium f\u00fcr Kultus<br \/>\n\u00a0\u00a0\u00a0\u00a0Landesamt f\u00fcr Schule und Bildung<br \/>\nS\u00e4chsisches Staatsministerium f\u00fcr Infrastruktur und Landesentwicklung<br \/>\n\u00a0\u00a0\u00a0\u00a0Flugl\u00e4rmschutzbeauftragter<br \/>\n\u00a0\u00a0\u00a0\u00a0Landesamt f\u00fcr Denkmalpflege Sachsen<br \/>\n\u00a0\u00a0\u00a0\u00a0Landesamt f\u00fcr Geobasisinformation Sachsen<br \/>\n\u00a0\u00a0\u00a0\u00a0Landesamt f\u00fcr Stra\u00dfenbau und Verkehr<br \/>\n\u00a0\u00a0\u00a0\u00a0Sachsen \u2013 Europ\u00e4ischer Ausschuss der Regionen<br \/>\nS\u00e4chsisches Staatsministerium f\u00fcr Soziales, Gesundheit und Gesellschaftlichen Zusammenhalt<br \/>\n\u00a0\u00a0\u00a0\u00a0Kinder- und Jugendbeauftragte der S\u00e4chsischen Staatsregierung<br \/>\n\u00a0\u00a0\u00a0\u00a0Opferbeauftragte der S\u00e4chsischen Staatsregierung<br \/>\nS\u00e4chsisches Staatsministerium f\u00fcr Wirtschaft, Arbeit, Energie und Klimaschutz<br \/>\n\u00a0\u00a0\u00a0\u00a0Digitalagentur Sachsen<br \/>\n\u00a0\u00a0\u00a0\u00a0Zentrum f\u00fcr Fachkr\u00e4ftesicherung und Gute Arbeit Sachsen<br \/>\nS\u00e4chsisches Staatsministerium f\u00fcr Wissenschaft, Kultur und Tourismus<br \/>\n\u00a0\u00a0\u00a0\u00a0Landesamt f\u00fcr Arch\u00e4ologie Sachsen<br \/>\n\u00a0\u00a0\u00a0\u00a0S\u00e4chsische Landesbibliothek \u2013 Staats- und Universit\u00e4tsbibliothek Dresden<br \/>\nLandestierschutzbeauftragteHochschule der S\u00e4chsischen Polizei<br \/>\nLandeskriminalamt Sachsen<br \/>\nLandespolizeipr\u00e4sidium<br \/>\nPolizeidirektion Chemnitz<br \/>\nPolizeidirektion Dresden<br \/>\nPolizeidirektion G\u00f6rlitz<br \/>\nPolizeidirektion Leipzig<br \/>\nPolizeidirektion Zwickau<br \/>\nPolizeiverwaltungsamt<br \/>\nPr\u00e4sidium der BereitschaftspolizeiStaatsanwaltschaft Chemnitz<br \/>\nStaatsanwaltschaft Dresden<br \/>\nStaatsanwaltschaft G\u00f6rlitz<br \/>\nStaatsanwaltschaft Leipzig<br \/>\nStaatsanwaltschaft ZwickauBeauftragter der S\u00e4chsischen Staatsregierung f\u00fcr das J\u00fcdische Leben und gegen Antisemitismus<br \/>\nS\u00e4chsische StaatsregierungS\u00e4chsische Agentur f\u00fcr Strukturentwicklung GmbH<br \/>\nS\u00e4chsische Datenschutz- und Transparenzbeauftragte<br \/>\nArbeitsgericht Bautzen<br \/>\nS\u00e4chsisches Oberbergamt<br \/>\nfutureSAX \u2013 die Innovationsplattform des Freistaates Sachsen<br \/>\nS\u00e4chsische Energieagentur &#8211; SAENA GmbH<br \/>\nLISt Gesellschaft f\u00fcr Verkehrswesen und ingenieurtechnische Dienstleistungen mbH<br \/>\nWirtschaftsf\u00f6rderung Sachsen GmbH<\/p>\n<p>ThemaalleArbeit<br \/>\nBau, Immobilien<br \/>\nBesch\u00e4ftigungspolitik<br \/>\nVerbraucherschutzCorona<br \/>\nFamilie<br \/>\nGesundheit<br \/>\nGleichstellung<br \/>\nIntegration<br \/>\nJugend<br \/>\nSoziales<br \/>\nTierseuchenbek\u00e4mpfungAsyl<br \/>\nDemografie<br \/>\nDemokratie<br \/>\nDigitalisierung<br \/>\nEhrenamt<br \/>\nEuropa<br \/>\nGedenkst\u00e4tten<br \/>\nInfrastruktur<br \/>\nKirchen und Religionsgemeinschaften<br \/>\nKommunales<br \/>\nLandesentwicklung<br \/>\nL\u00e4ndlicher Raum<br \/>\nNachhaltigkeit<br \/>\nSorben<br \/>\nStatistik<br \/>\nStrukturwandelBev\u00f6lkerungsschutz<br \/>\nFinanzen<br \/>\nJustiz<br \/>\nSicherheit &amp; Inneres<br \/>\nSteuernArch\u00e4ologie<br \/>\nArchivwesen<br \/>\nDenkmalpflege<br \/>\nKunst &amp; Kultur<br \/>\nMedien<br \/>\nSport<br \/>\nTourismusAus- und Weiterbildung<br \/>\nBildung<br \/>\nForschung<br \/>\nFr\u00fchkindliche Bildung<br \/>\nHochschule<br \/>\nSchuleF\u00f6rderportal<br \/>\nVeranstaltungHaushalt<br \/>\nKabinett<br \/>\nMinisterpr\u00e4sident<br \/>\nTermine\/EinladungenKlimaschutz<br \/>\nLandwirtschaft<br \/>\nUmwelt<br \/>\nWald &amp; ForstBergbau<br \/>\nEnergie<br \/>\nForschung\/Technologie<br \/>\nVerkehr<br \/>\nWirtschaft<br \/>\nWirtschaftsf\u00f6rderung<\/p>\n<p>Suchen<\/p>\n<p> <a href=\"#header\" class=\"link-scroll-to-top\" data-scroll-to-top=\"\" title=\"zur\u00fcck zum Seitenanfang\"><img decoding=\"async\" class=\"svg-img\" src=\"https:\/\/www.styleguide.sachsen.de\/dist\/2.26.3\/themes\/white\/img\/svg\/icon-totop.svg\" alt=\"zur\u00fcck zum Seitenanfang\"\/><\/a><\/p>\n","protected":false},"excerpt":{"rendered":"18.12.2025, 15:47 Uhr \u2014 Erstver\u00f6ffentlichung (aktuell) Berlin (18.12.2025) &#8211; Der Richterwahlausschuss hat am 18. Dezember 2025 in Berlin&hellip;\n","protected":false},"author":2,"featured_media":363950,"comment_status":"","ping_status":"","sticky":false,"template":"","format":"standard","meta":{"footnotes":""},"categories":[1832],"tags":[3364,29,30,71,859],"class_list":{"0":"post-656469","1":"post","2":"type-post","3":"status-publish","4":"format-standard","5":"has-post-thumbnail","7":"category-leipzig","8":"tag-de","9":"tag-deutschland","10":"tag-germany","11":"tag-leipzig","12":"tag-sachsen"},"share_on_mastodon":{"url":"https:\/\/pubeurope.com\/@de\/115743932712154952","error":""},"_links":{"self":[{"href":"https:\/\/www.europesays.com\/de\/wp-json\/wp\/v2\/posts\/656469","targetHints":{"allow":["GET"]}}],"collection":[{"href":"https:\/\/www.europesays.com\/de\/wp-json\/wp\/v2\/posts"}],"about":[{"href":"https:\/\/www.europesays.com\/de\/wp-json\/wp\/v2\/types\/post"}],"author":[{"embeddable":true,"href":"https:\/\/www.europesays.com\/de\/wp-json\/wp\/v2\/users\/2"}],"replies":[{"embeddable":true,"href":"https:\/\/www.europesays.com\/de\/wp-json\/wp\/v2\/comments?post=656469"}],"version-history":[{"count":0,"href":"https:\/\/www.europesays.com\/de\/wp-json\/wp\/v2\/posts\/656469\/revisions"}],"wp:featuredmedia":[{"embeddable":true,"href":"https:\/\/www.europesays.com\/de\/wp-json\/wp\/v2\/media\/363950"}],"wp:attachment":[{"href":"https:\/\/www.europesays.com\/de\/wp-json\/wp\/v2\/media?parent=656469"}],"wp:term":[{"taxonomy":"category","embeddable":true,"href":"https:\/\/www.europesays.com\/de\/wp-json\/wp\/v2\/categories?post=656469"},{"taxonomy":"post_tag","embeddable":true,"href":"https:\/\/www.europesays.com\/de\/wp-json\/wp\/v2\/tags?post=656469"}],"curies":[{"name":"wp","href":"https:\/\/api.w.org\/{rel}","templated":true}]}}