{"id":656494,"date":"2025-12-19T02:56:19","date_gmt":"2025-12-19T02:56:19","guid":{"rendered":"https:\/\/www.europesays.com\/de\/656494\/"},"modified":"2025-12-19T02:56:19","modified_gmt":"2025-12-19T02:56:19","slug":"rbb24-brandenburg-aktuell-vom-18-12-2025","status":"publish","type":"post","link":"https:\/\/www.europesays.com\/de\/656494\/","title":{"rendered":"rbb24 Brandenburg aktuell vom 18.12.2025"},"content":{"rendered":"<p>\tweitere Themen der Sendung<\/p>\n<p>\t\t<a href=\"https:\/\/www.rbb-online.de\/brandenburgaktuell\/archiv\/20251218_1930\/Anklage-rechtsextreme-Zelle-Anklage.html\" class=\"sendeplatz\" target=\"_blank\" rel=\"noopener\"><br \/>\n\t\tAnklage gegen rechtsextreme Zelle erhoben <\/p>\n<p>\t\t<\/a><\/p>\n<p>Die Bundesanwaltschaft hat Anklage gegen Mitglieder einer rechtsextremen Zelle erhoben. Ihnen wird vorgeworfen, im Oktober vergangenen Jahres das Kulturhaus in Altd\u00f6bern in &#8230;<\/p>\n<p>\t\t<a href=\"https:\/\/www.rbb-online.de\/brandenburgaktuell\/archiv\/20251218_1930\/Ambulanzen-Kinderschutz-Brandenburg.html\" class=\"sendeplatz\" target=\"_blank\" rel=\"noopener\"><br \/>\n\t\tNeue Kinderschutzambulanzen <\/p>\n<p>\t\t<\/a><\/p>\n<p>In der Kindernotaufnahme des Ernst von Bergmann-Klinikums sind in diesem Jahr bereits 130 Kinder untersucht worden, bei denen der Verdacht auf Misshandlung oder sexuellen &#8230;<\/p>\n<p>\t\t<a href=\"https:\/\/www.rbb-online.de\/brandenburgaktuell\/archiv\/20251218_1930\/Brandenburg-Nachrichten-Elternbrandbrief-Wusterhausen-B5-Gedenken-Sinti-Roma.html\" class=\"sendeplatz\" target=\"_blank\" rel=\"noopener\"><br \/>\n\t\tNachrichten I  <\/p>\n<p>\t\t<\/a><\/p>\n<p> +++ Cottbus-Sachsendorf: Reaktionen auf Elternbrandbrief +++ B5 in Wusterhausen (Dosse) wieder frei +++ Gedenken an Sinti und Roma in Sachsenhausen +++ <\/p>\n<p>\t\t<a href=\"https:\/\/www.rbb-online.de\/brandenburgaktuell\/archiv\/20251218_1930\/Wildschwein-Kleinmachnow-digital-Rotten.html\" class=\"sendeplatz\" target=\"_blank\" rel=\"noopener\"><br \/>\n\t\tWildschwein-Erfassung digital <\/p>\n<p>\t\t<\/a><\/p>\n<p>Seit f\u00fcnf Jahren bem\u00fcht sich die Gemeinde Kleinmachnow darum, Wildschweine aus den Wohngebieten zu verdr\u00e4ngen. Um einen besseren \u00dcberblick \u00fcber Bewegungen und Bestand der &#8230;<\/p>\n<p>\t\t<a href=\"https:\/\/www.rbb-online.de\/brandenburgaktuell\/archiv\/20251218_1930\/Streit-Gemaelde-anne-Frank-Potsdam.html\" class=\"sendeplatz\" target=\"_blank\" rel=\"noopener\"><br \/>\n\t\tStreit um Anne-Frank-Bild in Potsdam    <\/p>\n<p>\t\t<\/a><\/p>\n<p>Im Museum \u201eFluxus Plus\u201c wird derzeit ein Portr\u00e4t des j\u00fcdischen M\u00e4dchens und Holocaustopfers Anne Frank gezeigt, dass sie mit einem Pal\u00e4stinensertuch darstellt. Das Gem\u00e4lde &#8230;<\/p>\n<p>\t\t<a href=\"https:\/\/www.rbb-online.de\/brandenburgaktuell\/archiv\/20251218_1930\/Paketboten-Weihnachten-Stress-Geschenke.html\" class=\"sendeplatz\" target=\"_blank\" rel=\"noopener\"><br \/>\n\t\tPaketboten im Weihnachtsstress      <\/p>\n<p>\t\t<\/a><\/p>\n<p>Der Online-Handel sorgt insbesondere in der Vorweihnachtszeit f\u00fcr ein stark erh\u00f6htes Paketaufkommen. Die wachsende Zahl an Sendungen stellt Postboten und Paketzusteller vor &#8230;<\/p>\n<p>\t\t<a href=\"https:\/\/www.rbb-online.de\/brandenburgaktuell\/archiv\/20251218_1930\/Nachrichten-Stallpflichtaufgehoben-Wasserschaden-Rathenow-BER-Cannabis-Tramlink-Cottbus-Fahrrad-Potsdam-Royals.html\" class=\"sendeplatz\" target=\"_blank\" rel=\"noopener\"><br \/>\n\t\tNachrichten II    <\/p>\n<p>\t\t<\/a><\/p>\n<p>+++ Stallpflicht f\u00fcr Gefl\u00fcgel in Teltow-Fl\u00e4ming aufgehoben +++ Wasserschaden im Kulturhaus Rathenow +++ 29 kg Cannabis am BER sichergestellt +++ Start der neuen Stra\u00dfenbahn &#8230;<\/p>\n<p>\t\t<a href=\"https:\/\/www.rbb-online.de\/brandenburgaktuell\/archiv\/20251218_1930\/Wetter-Erbsensuppe-Gulasch-kanone.html\" class=\"sendeplatz\" target=\"_blank\" rel=\"noopener\"><br \/>\n\t\tDas Brandenburgwetter   <\/p>\n<p>\t\t<\/a><\/p>\n<p>Bei kalten Temperaturen muss es manchmal etwas Deftiges sein. Zum Beispiel eine Erbensuppe aus der Gulaschkanone. Unsere Wetterreporterin Ulrike Finck war heute in Erkner &#8230;<\/p>\n","protected":false},"excerpt":{"rendered":"weitere Themen der Sendung Anklage gegen rechtsextreme Zelle erhoben Die Bundesanwaltschaft hat Anklage gegen Mitglieder einer rechtsextremen Zelle&hellip;\n","protected":false},"author":2,"featured_media":575748,"comment_status":"","ping_status":"","sticky":false,"template":"","format":"standard","meta":{"footnotes":""},"categories":[1816],"tags":[1960,1958,1959,1957,1956,1890,29,30],"class_list":{"0":"post-656494","1":"post","2":"type-post","3":"status-publish","4":"format-standard","5":"has-post-thumbnail","7":"category-brandenburg","8":"tag-aktuelle-nachrichten-aus-berlin-und-brandenburg","9":"tag-aktuelle-nachrichten-aus-brandenburg","10":"tag-aktuelle-news-aus-berlin-und-brandenburg","11":"tag-aktuelle-news-aus-brandenburg","12":"tag-berlin-und-brandenburg","13":"tag-brandenburg","14":"tag-deutschland","15":"tag-germany"},"share_on_mastodon":{"url":"https:\/\/pubeurope.com\/@de\/115743987071306288","error":""},"_links":{"self":[{"href":"https:\/\/www.europesays.com\/de\/wp-json\/wp\/v2\/posts\/656494","targetHints":{"allow":["GET"]}}],"collection":[{"href":"https:\/\/www.europesays.com\/de\/wp-json\/wp\/v2\/posts"}],"about":[{"href":"https:\/\/www.europesays.com\/de\/wp-json\/wp\/v2\/types\/post"}],"author":[{"embeddable":true,"href":"https:\/\/www.europesays.com\/de\/wp-json\/wp\/v2\/users\/2"}],"replies":[{"embeddable":true,"href":"https:\/\/www.europesays.com\/de\/wp-json\/wp\/v2\/comments?post=656494"}],"version-history":[{"count":0,"href":"https:\/\/www.europesays.com\/de\/wp-json\/wp\/v2\/posts\/656494\/revisions"}],"wp:featuredmedia":[{"embeddable":true,"href":"https:\/\/www.europesays.com\/de\/wp-json\/wp\/v2\/media\/575748"}],"wp:attachment":[{"href":"https:\/\/www.europesays.com\/de\/wp-json\/wp\/v2\/media?parent=656494"}],"wp:term":[{"taxonomy":"category","embeddable":true,"href":"https:\/\/www.europesays.com\/de\/wp-json\/wp\/v2\/categories?post=656494"},{"taxonomy":"post_tag","embeddable":true,"href":"https:\/\/www.europesays.com\/de\/wp-json\/wp\/v2\/tags?post=656494"}],"curies":[{"name":"wp","href":"https:\/\/api.w.org\/{rel}","templated":true}]}}