{"id":656507,"date":"2025-12-19T03:04:23","date_gmt":"2025-12-19T03:04:23","guid":{"rendered":"https:\/\/www.europesays.com\/de\/656507\/"},"modified":"2025-12-19T03:04:23","modified_gmt":"2025-12-19T03:04:23","slug":"ein-goettlicher-moment-ueberrascht-besucher","status":"publish","type":"post","link":"https:\/\/www.europesays.com\/de\/656507\/","title":{"rendered":"Ein \u201eg\u00f6ttlicher Moment\u201c \u00fcberrascht Besucher"},"content":{"rendered":"<p class=\"paragraph tw-mx-auto tw-mb-6\">Rund um Caspar David Friedrich hat jetzt die neue Galerie der Romantik im Pommerschen Landesmuseum er\u00f6ffnet. Seit dem 16. Dezember k\u00f6nnen Besucher <a data-li-document-ref=\"3324490\" href=\"https:\/\/www.nordkurier.de\/regional\/greifswald\/ein-schwanenraetsel-verbindet-zwei-deutsche-romantiker-3324490\" rel=\"nofollow noopener\" target=\"_blank\">die Romantik<\/a> und den weltbekannten Maler neu erfahren.<\/p>\n<p class=\"paragraph tw-mx-auto tw-mb-6\">Das Kunstwerk kann in dem Video schon einmal betrachtet werden.<\/p>\n<p>Ad Lumen soll auf Friedrichs Bildwelt einstimmen<\/p>\n<p class=\"paragraph tw-mx-auto tw-mb-6\">Der Besuch der Galerie der Romantik beginnt mit einem ganz besonderen Kunstwerk. Dieses hei\u00dft: \u201eAd lumen. Ausblicke in das Unendliche\u201c. Geschaffen wurde dieses von Jan Schmelter und ART+COM Studios aus Berlin. Diese \u00fcbernahmen auch die Ausstellungsgestaltung.<\/p>\n<p class=\"tw-text-neutral-10 tw-text-title-md tw-pt-2 tw-pb-4 tw-font-primary tw-border-t tw-mb-0 tw-border-neutral-10 tw-border-solid\">Empfohlene Artikel<\/p>\n<p class=\"paragraph tw-mx-auto tw-mb-6\">Schmelter berichtet dazu auch: \u201eDas Werk verbindet Technologien wie Kinetik und generative Bilderzeugung mit einem ruhigen, poetischen Zugang.\u201c Ad lumen befindet sich in der neu gebauten und acht Meter hohen Kapelle des Museums. In dem \u201eeinzigartigem multimedialen Kunstwerk\u201c werden die Besucher auf \u201eFriedrichs poetische Bildwelt eingestimmt\u201c, erkl\u00e4rt das Pommersche Landesmuseum.<\/p>\n<p><img decoding=\"async\" src=\"https:\/\/www.europesays.com\/de\/wp-content\/uploads\/2025\/12\/6d7e12a7-f19a-400c-9f66-ad46409f3799.jpg\" loading=\"lazy\" alt=\"Galerie der Romantik: Ruine Eldena im Riesengebirge\"\/><img decoding=\"async\" alt=\"Bild vergr\u00f6\u00dfern\" class=\"sm:tw-w-9 sm:tw-h-9\" src=\"https:\/\/www.nordkurier.de\/_next\/static\/media\/imageExpand.10dba927.svg\"\/><\/p>\n<p>Galerie der Romantik: Ruine Eldena im Riesengebirge (Foto: Maximilian Tabaczynski)<\/p>\n<p class=\"paragraph tw-mx-auto tw-mb-6\">Ge\u00f6ffnet ist das Pommersche Landesmuseum von Dienstag bis Sonntag zwischen 10 Uhr und 17 Uhr. An Heiligabend und Silvester ist das Museum geschlossen. Am 25. und 26. Dezember dann von 13 bis 17 Uhr ge\u00f6ffnet. Neujahr kann das Museum von 11 bis 17 Uhr besucht werden.<\/p>\n<p>Am Anfang gibt es noch Rabatt<\/p>\n<p class=\"paragraph tw-mx-auto tw-mb-6\">Neben dem Kunstwerk Ad Lumen k\u00f6nnen auch Friedrichs Originalbilder neu erlebt werden. An einem gro\u00dfen Zeitstrahl kann sein Leben betrachtet werden. Und Friedrich gibt es sogar mit einem L\u00e4cheln in der Ausstellung zu sehen. Weitere K\u00fcnstler und Kunstwerke runden die Galerie ab.<\/p>\n<p><img decoding=\"async\" src=\"https:\/\/www.europesays.com\/de\/wp-content\/uploads\/2025\/12\/c3a24ad9-9882-43eb-9427-821d522a0daa.png\" loading=\"lazy\" alt=\"Caspar David Friedrich hat ein L\u00e4cheln auf den Lippen.\"\/><img decoding=\"async\" alt=\"Bild vergr\u00f6\u00dfern\" class=\"sm:tw-w-9 sm:tw-h-9\" src=\"https:\/\/www.nordkurier.de\/_next\/static\/media\/imageExpand.10dba927.svg\"\/><\/p>\n<p>Caspar David Friedrich hat ein L\u00e4cheln auf den Lippen. (Foto: Maximilian Tabaczynski)<\/p>\n<p class=\"paragraph tw-mx-auto tw-mb-6\">Wer schnell ist, bekommt zwei Euro Rabatt auf den Eintritt. Die Sparkasse Vorpommern reduziert den Preis f\u00fcr die ersten 1000 Besucher. F\u00fcr Kinder, die mit ihrer Familie das Museum im Zeitraum Januar bis M\u00e4rz besuchen, \u00fcbernimmt die Sparkasse auch noch den Eintritt. Schnell sein lohnt sich sowieso: Denn ab Januar erh\u00f6ht das Museum den Eintritt f\u00fcr die Tickets um zwei Euro.<\/p>\n","protected":false},"excerpt":{"rendered":"Rund um Caspar David Friedrich hat jetzt die neue Galerie der Romantik im Pommerschen Landesmuseum er\u00f6ffnet. Seit dem&hellip;\n","protected":false},"author":2,"featured_media":656508,"comment_status":"","ping_status":"","sticky":false,"template":"","format":"standard","meta":{"footnotes":""},"categories":[1775],"tags":[1793,11820,29,214,912,153637,30,3300,2075,1794,7805,29195,2264,153638,215],"class_list":{"0":"post-656507","1":"post","2":"type-post","3":"status-publish","4":"format-standard","5":"has-post-thumbnail","7":"category-kunst-und-design","8":"tag-art-and-design","9":"tag-caspar-david-friedrich","10":"tag-deutschland","11":"tag-entertainment","12":"tag-eroeffnung","13":"tag-galerie-der-romantik","14":"tag-germany","15":"tag-greifswald","16":"tag-kunst","17":"tag-kunst-und-design","18":"tag-maler","19":"tag-multimedia","20":"tag-museum","21":"tag-pommersches-landesmuseum","22":"tag-unterhaltung"},"share_on_mastodon":{"url":"https:\/\/pubeurope.com\/@de\/115744019128211465","error":""},"_links":{"self":[{"href":"https:\/\/www.europesays.com\/de\/wp-json\/wp\/v2\/posts\/656507","targetHints":{"allow":["GET"]}}],"collection":[{"href":"https:\/\/www.europesays.com\/de\/wp-json\/wp\/v2\/posts"}],"about":[{"href":"https:\/\/www.europesays.com\/de\/wp-json\/wp\/v2\/types\/post"}],"author":[{"embeddable":true,"href":"https:\/\/www.europesays.com\/de\/wp-json\/wp\/v2\/users\/2"}],"replies":[{"embeddable":true,"href":"https:\/\/www.europesays.com\/de\/wp-json\/wp\/v2\/comments?post=656507"}],"version-history":[{"count":0,"href":"https:\/\/www.europesays.com\/de\/wp-json\/wp\/v2\/posts\/656507\/revisions"}],"wp:featuredmedia":[{"embeddable":true,"href":"https:\/\/www.europesays.com\/de\/wp-json\/wp\/v2\/media\/656508"}],"wp:attachment":[{"href":"https:\/\/www.europesays.com\/de\/wp-json\/wp\/v2\/media?parent=656507"}],"wp:term":[{"taxonomy":"category","embeddable":true,"href":"https:\/\/www.europesays.com\/de\/wp-json\/wp\/v2\/categories?post=656507"},{"taxonomy":"post_tag","embeddable":true,"href":"https:\/\/www.europesays.com\/de\/wp-json\/wp\/v2\/tags?post=656507"}],"curies":[{"name":"wp","href":"https:\/\/api.w.org\/{rel}","templated":true}]}}