{"id":657374,"date":"2025-12-19T12:20:15","date_gmt":"2025-12-19T12:20:15","guid":{"rendered":"https:\/\/www.europesays.com\/de\/657374\/"},"modified":"2025-12-19T12:20:15","modified_gmt":"2025-12-19T12:20:15","slug":"berliner-clan-krieg-eskaliert-schuesse-und-gewalt-nehmen-zu-regional","status":"publish","type":"post","link":"https:\/\/www.europesays.com\/de\/657374\/","title":{"rendered":"Berliner Clan-Krieg eskaliert: Sch\u00fcsse und Gewalt nehmen zu | Regional"},"content":{"rendered":"<p>Droht die Gewalt in der Hauptstadt zu eskalieren? Die Sch\u00fcsse auf die Villa eines Clan-Bosses zeigen, wie tief die Verstrickungen gehen. Erfahren Sie mehr \u00fcber die gef\u00e4hrlichen Machtk\u00e4mpfe und die neuen Bedrohungen. Eine Spezialeinheit soll die Verbrecher stoppen.<\/p>\n<p><b>Die brisanten Details und Einsch\u00e4tzungen f\u00fchrender Experten \u2013 jetzt mit BILDplus lesen.<\/b><\/p>\n","protected":false},"excerpt":{"rendered":"Droht die Gewalt in der Hauptstadt zu eskalieren? Die Sch\u00fcsse auf die Villa eines Clan-Bosses zeigen, wie tief&hellip;\n","protected":false},"author":2,"featured_media":657375,"comment_status":"","ping_status":"","sticky":false,"template":"","format":"standard","meta":{"footnotes":"","_share_on_mastodon":"0"},"categories":[1825],"tags":[31446,296,29,433,18201,30,153810,3825,4603,5995,45,4743],"class_list":["post-657374","post","type-post","status-publish","format-standard","has-post-thumbnail","category-berlin","tag-abou-chaker-arafat","tag-berlin","tag-deutschland","tag-drogen","tag-familienclans","tag-germany","tag-hell-peter","tag-landeskriminalamt","tag-organisiertes-verbrechen","tag-schiesserei","tag-texttospeech","tag-waffen"],"share_on_mastodon":{"url":"https:\/\/pubeurope.com\/@de\/115746204923020678","error":""},"_links":{"self":[{"href":"https:\/\/www.europesays.com\/de\/wp-json\/wp\/v2\/posts\/657374","targetHints":{"allow":["GET"]}}],"collection":[{"href":"https:\/\/www.europesays.com\/de\/wp-json\/wp\/v2\/posts"}],"about":[{"href":"https:\/\/www.europesays.com\/de\/wp-json\/wp\/v2\/types\/post"}],"author":[{"embeddable":true,"href":"https:\/\/www.europesays.com\/de\/wp-json\/wp\/v2\/users\/2"}],"replies":[{"embeddable":true,"href":"https:\/\/www.europesays.com\/de\/wp-json\/wp\/v2\/comments?post=657374"}],"version-history":[{"count":0,"href":"https:\/\/www.europesays.com\/de\/wp-json\/wp\/v2\/posts\/657374\/revisions"}],"wp:featuredmedia":[{"embeddable":true,"href":"https:\/\/www.europesays.com\/de\/wp-json\/wp\/v2\/media\/657375"}],"wp:attachment":[{"href":"https:\/\/www.europesays.com\/de\/wp-json\/wp\/v2\/media?parent=657374"}],"wp:term":[{"taxonomy":"category","embeddable":true,"href":"https:\/\/www.europesays.com\/de\/wp-json\/wp\/v2\/categories?post=657374"},{"taxonomy":"post_tag","embeddable":true,"href":"https:\/\/www.europesays.com\/de\/wp-json\/wp\/v2\/tags?post=657374"}],"curies":[{"name":"wp","href":"https:\/\/api.w.org\/{rel}","templated":true}]}}