{"id":657421,"date":"2025-12-19T12:47:12","date_gmt":"2025-12-19T12:47:12","guid":{"rendered":"https:\/\/www.europesays.com\/de\/657421\/"},"modified":"2025-12-19T12:47:12","modified_gmt":"2025-12-19T12:47:12","slug":"oeffnungszeiten-der-theaterkasse-zwischen-weihnachten-und-neujahr","status":"publish","type":"post","link":"https:\/\/www.europesays.com\/de\/657421\/","title":{"rendered":"\u00d6ffnungszeiten der Theaterkasse zwischen Weihnachten und Neujahr"},"content":{"rendered":"<p><img loading=\"lazy\" decoding=\"async\" src=\"https:\/\/www.europesays.com\/de\/wp-content\/uploads\/2025\/12\/Pfalzbau2022-3.jpg\" alt=\"Pfalzbau2022\" width=\"800\" height=\"472\" class=\"alignnone size-full wp-image-616406\"  \/>Ludwigshafen \/ Metropolregion Rhein-Neckar. Zwischen Weihnachten und Anfang Januar hat die Theaterkasse der Pfalzbau B\u00fchnen ge\u00e4nderte \u00d6ffnungszeiten.<br \/>Von Mittwoch, 24.12.2025 bis zum Freitag, 2.1.2026 bleibt die Theaterkasse geschlossen und ist auch telefonisch oder per E-Mail nicht erreichbar.<br \/><strong>Am Sonntag, 28.12.2025 sowie am Wochenende des 3. und 4.1.2026 hat die Abendkasse jeweils ab einer Stunde vor den Vorstellungen ge\u00f6ffnet<\/strong>. <\/p>\n<p>Ab Dienstag, 6.1.2026 gelten wieder die \u00fcblichen \u00d6ffnungszeiten. <\/p>\n<p>Vorstellungsdaten:<\/p>\n<p>Weihnachtsoratorium\t\t\tSo, 28.12.2025, 16 Uhr\t(Kinderkonzert)<br \/>Von Johann Sebastian Bach\t\t\tSo, 28.12.2025, 19 Uhr<\/p>\n<p>Hair \t\t\t\t\t\tSa, 3.1.2026, 19.30 Uhr<br \/>Junges Musical der Pfalzbau B\u00fchnen\t\tSo, 4.1.2026, 15.00 Uhr\t<\/p>\n<p>Karten k\u00f6nnen Sie jederzeit online \u00fcber die Homepage des Theaters erwerben:<br \/><a href=\"https:\/\/www.theater-im-pfalzbau.de\/\" rel=\"noopener nofollow\" target=\"_blank\">https:\/\/www.theater-im-pfalzbau.de\/<\/a><br \/>Kartenbestellungen per E-Mail unter pfalzbau.theaterkasse@ludwigshafen.de<br \/>Kartentelefon 0621\/504 2558<\/p>\n<p>Quelle Theater im Pfalzbau <\/p>\n<p class=\"post-modified-info\">Zuletzt aktualisiert am 19. Dezember 2025, 11:12<\/p>\n","protected":false},"excerpt":{"rendered":"Ludwigshafen \/ Metropolregion Rhein-Neckar. Zwischen Weihnachten und Anfang Januar hat die Theaterkasse der Pfalzbau B\u00fchnen ge\u00e4nderte \u00d6ffnungszeiten.Von Mittwoch,&hellip;\n","protected":false},"author":2,"featured_media":657422,"comment_status":"","ping_status":"","sticky":false,"template":"","format":"standard","meta":{"footnotes":""},"categories":[1845],"tags":[61836,1634,3364,29,548,663,3934,30,13,145194,12353,25476,2096,25488,25489,12368,14,14480,50899,15,6989,43155,145196,5206,28951,12,94,101185,12289],"class_list":{"0":"post-657421","1":"post","2":"type-post","3":"status-publish","4":"format-standard","5":"has-post-thumbnail","7":"category-mannheim","8":"tag-61836","9":"tag-baden-wuerttemberg","10":"tag-de","11":"tag-deutschland","12":"tag-eu","13":"tag-europa","14":"tag-europe","15":"tag-germany","16":"tag-headlines","17":"tag-junges-musical-der-pfalzbau-buehnen","18":"tag-karten","19":"tag-ludwigshafen","20":"tag-mannheim","21":"tag-metropolregion","22":"tag-metropolregion-rhein-neckar","23":"tag-musical","24":"tag-nachrichten","25":"tag-neckar","26":"tag-neujahr","27":"tag-news","28":"tag-online","29":"tag-pfalzbau","30":"tag-pfalzbau-buehnen","31":"tag-rhein","32":"tag-rhein-neckar","33":"tag-schlagzeilen","34":"tag-theater","35":"tag-theater-im-pfalzbau","36":"tag-weihnachten"},"share_on_mastodon":{"url":"https:\/\/pubeurope.com\/@de\/115746311856261772","error":""},"_links":{"self":[{"href":"https:\/\/www.europesays.com\/de\/wp-json\/wp\/v2\/posts\/657421","targetHints":{"allow":["GET"]}}],"collection":[{"href":"https:\/\/www.europesays.com\/de\/wp-json\/wp\/v2\/posts"}],"about":[{"href":"https:\/\/www.europesays.com\/de\/wp-json\/wp\/v2\/types\/post"}],"author":[{"embeddable":true,"href":"https:\/\/www.europesays.com\/de\/wp-json\/wp\/v2\/users\/2"}],"replies":[{"embeddable":true,"href":"https:\/\/www.europesays.com\/de\/wp-json\/wp\/v2\/comments?post=657421"}],"version-history":[{"count":0,"href":"https:\/\/www.europesays.com\/de\/wp-json\/wp\/v2\/posts\/657421\/revisions"}],"wp:featuredmedia":[{"embeddable":true,"href":"https:\/\/www.europesays.com\/de\/wp-json\/wp\/v2\/media\/657422"}],"wp:attachment":[{"href":"https:\/\/www.europesays.com\/de\/wp-json\/wp\/v2\/media?parent=657421"}],"wp:term":[{"taxonomy":"category","embeddable":true,"href":"https:\/\/www.europesays.com\/de\/wp-json\/wp\/v2\/categories?post=657421"},{"taxonomy":"post_tag","embeddable":true,"href":"https:\/\/www.europesays.com\/de\/wp-json\/wp\/v2\/tags?post=657421"}],"curies":[{"name":"wp","href":"https:\/\/api.w.org\/{rel}","templated":true}]}}