{"id":657677,"date":"2025-12-19T15:14:15","date_gmt":"2025-12-19T15:14:15","guid":{"rendered":"https:\/\/www.europesays.com\/de\/657677\/"},"modified":"2025-12-19T15:14:15","modified_gmt":"2025-12-19T15:14:15","slug":"gzsz-star-iris-mareike-steen-erinnert-an-schweren-schicksalsschlag","status":"publish","type":"post","link":"https:\/\/www.europesays.com\/de\/657677\/","title":{"rendered":"GZSZ-Star Iris Mareike Steen erinnert an schweren Schicksalsschlag"},"content":{"rendered":"<p>&#8222;Beerdigung war einen Tag vor Weihnachten&#8220; <\/p>\n<p>GZSZ-Star Iris Mareike Steen erinnert an Schicksalsschlag<\/p>\n<p>19.12.2025 &#8211; 14:33 UhrLesedauer: 2 Min.<\/p>\n<p><a href=\"#focus-0\" class=\"transition-colors duration-200 block text-current relative\" data-sctrack=\"FocusGalleryImage.Reference\"><img fetchpriority=\"high\" data-testid=\"Opener.Image\" style=\"--lqipURL:url('https:\/\/images.t-online.de\/2021\/06\/89047882v2\/483x92:1433x806\/fit-in\/150x0\/filters:blur(25)\/iiris-mareike-steen-sie-spielt-seit-2010-in-der-rtl-serie-gzsz-die-rolle-der-lilly-seefeld.jpg')\"   loading=\"eager\" src=\"https:\/\/www.europesays.com\/de\/wp-content\/uploads\/2025\/12\/iiris-mareike-steen-sie-spielt-seit-2010-in-der-rtl-serie-gzsz-die-rolle-der-lilly-seefeld.jpg\" alt=\"IIris Mareike Steen: Sie spielt seit 2010 in der RTL-Serie GZSZ die Rolle der Lilly Seefeld.\" title=\"IIris Mareike Steen: Sie spielt seit 2010 in der RTL-Serie GZSZ die Rolle der Lilly Seefeld.\" width=\"1433\" height=\"806\" class=\"bg-[url:var(--lqipURL)] bg-cover bg-center flex h-full w-full max-w-full\" decoding=\"async\"\/><img style=\"--width:32;--height:32\" loading=\"lazy\" src=\"https:\/\/www.t-online.de\/s\/paper\/_next\/static\/media\/zoom-in.f7dae02f.svg\" alt=\"Vergr\u00f6\u00dfern des Bildes\" title=\"Vergr\u00f6\u00dfern des Bildes\" class=\"block h-[calc(var(--height)_\/_16_*_1rem)] w-[calc(var(--width)_\/_16_*_1rem)] max-w-none absolute bottom-8 right-8 rounded-4 bg-snow p-8\" decoding=\"async\"\/><\/a><\/p>\n<p>IIris Mareike Steen: Sie spielt seit 2010 in der RTL-Serie GZSZ die Rolle der Lilly Seefeld. (Quelle: TVNOW \u2013 Rolf Baumgartner)<\/p>\n<p class=\"font-bold text-18 leading-17\">F\u00fcr Schauspielerin Iris Mareike Steen ist die Weihnachtszeit gepr\u00e4gt von Melancholie. Sie zeigt ihr allj\u00e4hrlich den Verlust geliebter Menschen auf.<\/p>\n<p class=\"text-18 leading-17\">W\u00e4hrend viele Menschen <a class=\"transition-colors duration-200 cursor-pointer text-inherit no-underline text-salemsfur md:hover:text-magenta md:hover:border-magenta md:focus:text-magenta border-current border-b border-solid break-words\" href=\"https:\/\/www.t-online.de\/themen\/weihnachten\/\" data-sctrack=\"BodyAnchor\" target=\"_blank\" rel=\"noopener\">Weihnachten<\/a> als besonders sch\u00f6ne Zeit im Jahr empfinden, sieht es bei Iris Mareike Steen anders aus. Die GZSZ-Schauspielerin verbindet die Festtage nicht mit Idylle, sondern einem traurigen und lebensver\u00e4ndernden Ereignis.<\/p>\n<p class=\"text-18 leading-17\">Zu Gast im RTL-Format &#8222;GZSZ-Bargefl\u00fcster&#8220; berichtet sie, dass ihr Weihnachtsstimmung fremd ist. &#8222;Ich freue mich nat\u00fcrlich, dass ich mit der Familie zusammen bin, aber meine Familie ist in den letzten Jahren sehr klein geworden und das ist dann nat\u00fcrlich etwas, das mir dann immer bewusst wird. Deshalb bin ich dann immer eher melancholisch.&#8220; Sie spielen das Video ab, indem Sie mittig auf den folgenden Beitrag klicken.<\/p>\n<p class=\"text-18 leading-17\">Vor drei Jahren verlor Steen ihre Mutter, viele Jahre zuvor starb bereits ihr Vater \u2013 und das zur Weihnachtszeit. Die heute 34-J\u00e4hrige war damals noch ein Kind. &#8222;Die Beerdigung war einen Tag vor Weihnachten&#8220;, erinnert sich Steen. Aus diesem Grund verbinde sie die Festtage seither mit dem Verlust geliebter Menschen.<\/p>\n<p class=\"text-18 leading-17\">Bereits im Juli hatte sie \u2013 ebenfalls beim &#8222;GZSZ-Bargefl\u00fcster&#8220; \u2013 \u00fcber den Tod ihres Vaters und daraus entstandenen Verlust\u00e4ngsten gesprochen: &#8222;Wenn man so fr\u00fch mit dem Tod konfrontiert wird, macht das etwas mit einem. [&#8230;] Das hat mich immer begleitet und jeder Verlust macht das auch ein bisschen schlimmer nat\u00fcrlich.&#8220;<\/p>\n<p class=\"text-18 leading-17\">Der Tod ihrer Mutter setzte ihr deshalb in besonderer Weise zu: &#8222;Dieser Schmerz kommt immer noch in Wellen. [&#8230;] Aber das ist okay. Das zeigt ja auch, dass ich sie \u00fcbertrieben geliebt habe.&#8220; Sie sei der wichtigste Mensch in ihrem Leben und werde es auch immer bleiben.<\/p>\n","protected":false},"excerpt":{"rendered":"&#8222;Beerdigung war einen Tag vor Weihnachten&#8220; GZSZ-Star Iris Mareike Steen erinnert an Schicksalsschlag 19.12.2025 &#8211; 14:33 UhrLesedauer: 2&hellip;\n","protected":false},"author":2,"featured_media":657678,"comment_status":"","ping_status":"","sticky":false,"template":"","format":"standard","meta":{"footnotes":""},"categories":[1773],"tags":[23658,29,214,30,725,137307,153847,153848,640,50807,471,1780,215,12289],"class_list":{"0":"post-657677","1":"post","2":"type-post","3":"status-publish","4":"format-standard","5":"has-post-thumbnail","7":"category-serien","8":"tag-beerdigung","9":"tag-deutschland","10":"tag-entertainment","11":"tag-germany","12":"tag-gzsz","13":"tag-iris-mareike-steen","14":"tag-lilly-seefeld","15":"tag-melancholie","16":"tag-rtl","17":"tag-schicksalsschlag","18":"tag-serien","19":"tag-series","20":"tag-unterhaltung","21":"tag-weihnachten"},"share_on_mastodon":{"url":"https:\/\/pubeurope.com\/@de\/115746890247608723","error":""},"_links":{"self":[{"href":"https:\/\/www.europesays.com\/de\/wp-json\/wp\/v2\/posts\/657677","targetHints":{"allow":["GET"]}}],"collection":[{"href":"https:\/\/www.europesays.com\/de\/wp-json\/wp\/v2\/posts"}],"about":[{"href":"https:\/\/www.europesays.com\/de\/wp-json\/wp\/v2\/types\/post"}],"author":[{"embeddable":true,"href":"https:\/\/www.europesays.com\/de\/wp-json\/wp\/v2\/users\/2"}],"replies":[{"embeddable":true,"href":"https:\/\/www.europesays.com\/de\/wp-json\/wp\/v2\/comments?post=657677"}],"version-history":[{"count":0,"href":"https:\/\/www.europesays.com\/de\/wp-json\/wp\/v2\/posts\/657677\/revisions"}],"wp:featuredmedia":[{"embeddable":true,"href":"https:\/\/www.europesays.com\/de\/wp-json\/wp\/v2\/media\/657678"}],"wp:attachment":[{"href":"https:\/\/www.europesays.com\/de\/wp-json\/wp\/v2\/media?parent=657677"}],"wp:term":[{"taxonomy":"category","embeddable":true,"href":"https:\/\/www.europesays.com\/de\/wp-json\/wp\/v2\/categories?post=657677"},{"taxonomy":"post_tag","embeddable":true,"href":"https:\/\/www.europesays.com\/de\/wp-json\/wp\/v2\/tags?post=657677"}],"curies":[{"name":"wp","href":"https:\/\/api.w.org\/{rel}","templated":true}]}}