{"id":657701,"date":"2025-12-19T15:35:16","date_gmt":"2025-12-19T15:35:16","guid":{"rendered":"https:\/\/www.europesays.com\/de\/657701\/"},"modified":"2025-12-19T15:35:16","modified_gmt":"2025-12-19T15:35:16","slug":"annika-schmitz-wird-neue-dezernentin-fuer-gesundheit-soziales-und-digitalisierung-in-aachen","status":"publish","type":"post","link":"https:\/\/www.europesays.com\/de\/657701\/","title":{"rendered":"Annika Schmitz wird neue Dezernentin f\u00fcr Gesundheit, Soziales und Digitalisierung in Aachen"},"content":{"rendered":"<p class=\"Paragraph_paragraph__exhQA Paragraph_paragraph--default-lg-default__8QZrI articleParagraph\">Die St\u00e4dteregion Aachen hat eine neue Leiterin f\u00fcr das Dezernat III gefunden. Demnach wird die 37-j\u00e4hrige Annika Schmitz Dezernentin f\u00fcr die Bereiche Gesundheit, Soziales und Digitalisierung. Das hat St\u00e4dteregionsrat Tim Gr\u00fcttemeier w\u00e4hrend der Sitzung des St\u00e4dteregionstages \u00f6ffentlich gemacht. Damit folgt Schmitz auf Michael Ziemons, der im September zum Oberb\u00fcrgermeister von Aachen gew\u00e4hlt worden ist. Sie wird ihr Amt voraussichtlich Mitte Februar 2026 antreten. Zuletzt war sie Beigeordnete in Titz und Bereichsleiterin der Kommunalen Gemeinschaftsstelle f\u00fcr Verwaltungsmanagement. <\/p>\n<p class=\"Paragraph_paragraph__exhQA Paragraph_paragraph--default-lg-default__8QZrI articleParagraph\">Die geb\u00fcrtige Viersenerin wohnt aktuell in K\u00f6ln. Laut Gr\u00fcttemeier habe Schmitz mit ihrer Vorstellung zur Zukunft der Verwaltung die Auswahlkommission einstimmig hinter sich gebracht: \u201eAnnika Schmitz hat uns mit ihren Ideen, wie man Soziales und Digitalisierung noch enger verzahnen kann, \u00fcberzeugt. Zudem mit ihrem Grundverst\u00e4ndnis einer proaktiven Verwaltung, die mehr auf die jeweiligen Bed\u00fcrfnisse der Menschen eingeht.\u201c Zu ihrer Motivation f\u00fcr die Bewerbung auf die neue Stelle sagt Annika Schmitz: \u201eAn der Herausforderung bei der St\u00e4dteregion Aachen hat mich insbesondere der Dezernatszuschnitt gereizt. Konkret, dass wir hier die Themen Soziales und Digitalisierung gemeinsam denken k\u00f6nnen.\u201c<\/p>\n<p><a href=\"https:\/\/www.aachener-zeitung.de\/lokales\/region-aachen\/aachen\/montessori-schule-eilendorf-fertigstellung-zum-kommenden-schuljahr-nicht-mehr-realistisch\/115219203.html\" class=\"RelatedTeaser_related-teaser__w3AgI RelatedTeaser_related-teaser--image__GJcRr read-more_withImage__1YJa_\" data-article-id=\"115219203\" target=\"_blank\" rel=\"noopener\"><\/p>\n<p>Lesen Sie auch:Montessori-Schule Eilendorf: Fertigstellung zum kommenden Schuljahr \u201enicht mehr realistisch\u201c<\/p>\n<p><\/a><\/p>\n<p class=\"Paragraph_paragraph__exhQA Paragraph_paragraph--default-lg-default__8QZrI articleParagraph\">Nach der Fachoberschulreife am Cusanus Gymnasium in Erkelenz und einer Verwaltungsausbildung bei der Stadt D\u00fcsseldorf absolvierte sie ein duales Studium zur Diplom-Verwaltungswirtin. Anschlie\u00dfend trat Schmitz eine Stelle im gehobenen Dienst bei der Stadt J\u00fcchen im Bereich Wirtschaftsf\u00f6rderung und der Stabsstelle des B\u00fcrgermeisters an. Parallel dazu erwarb sie den Master of Public Management und erg\u00e4nzte ihre Ausbildung sp\u00e4ter durch ein weiteres Masterstudium im Bereich Online-Marketing. <\/p>\n<p><a href=\"https:\/\/www.aachener-zeitung.de\/lokales\/region-aachen\/aachen\/wie-die-aachener-politik-um-den-bau-turbo-ringt\/113636844.html\" class=\"RelatedTeaser_related-teaser__w3AgI RelatedTeaser_related-teaser--image__GJcRr read-more_withImage__1YJa_\" data-article-id=\"113636844\" target=\"_blank\" rel=\"noopener\"><\/p>\n<p>Lesen Sie auch:Wie die Aachener Politik um den \u201eBau-Turbo\u201c ringt<\/p>\n<p><\/a><\/p>\n<p class=\"Paragraph_paragraph__exhQA Paragraph_paragraph--default-lg-default__8QZrI articleParagraph\">Sie bringt umfangreiche Erfahrungen aus verschiedenen Bereichen der Verwaltung mit: Nach ihrer T\u00e4tigkeit in J\u00fcchen wechselte sie zur Stadt Wassenberg als Fachbereichsleiterin und Gesch\u00e4ftsf\u00fchrerin der Kultur gGmbH. 2021 wurde sie vom Gemeinderat zur Beigeordneten der Landgemeinde Titz gew\u00e4hlt. 2024 folgte dann der Wechsel zur Kommunalen Gemeinschaftsstelle f\u00fcr Verwaltungsmanagement (KGSt). Hier ist sie aktuell als Bereichsleiterin Zentraler Service unter anderem f\u00fcr Personal, Finanzen, IT und Kommunikation zust\u00e4ndig.<\/p>\n<p><a href=\"https:\/\/www.aachener-zeitung.de\/lokales\/region-aachen\/aachen\/netzwerk-gegen-gewalt-und-rassismus-loest-sich-auf-friedensarbeit-bleibt-gesichert\/114352828.html\" class=\"RelatedTeaser_related-teaser__w3AgI RelatedTeaser_related-teaser--image__GJcRr read-more_withImage__1YJa_\" data-article-id=\"114352828\" target=\"_blank\" rel=\"noopener\"><\/p>\n<p>Lesen Sie auch:Netzwerk gegen Gewalt und Rassismus l\u00f6st sich auf \u2013 Friedensarbeit bleibt gesichert<\/p>\n<p><\/a><\/p>\n","protected":false},"excerpt":{"rendered":"Die St\u00e4dteregion Aachen hat eine neue Leiterin f\u00fcr das Dezernat III gefunden. Demnach wird die 37-j\u00e4hrige Annika Schmitz&hellip;\n","protected":false},"author":2,"featured_media":657702,"comment_status":"","ping_status":"","sticky":false,"template":"","format":"standard","meta":{"footnotes":""},"categories":[1853],"tags":[1424,3364,29,548,663,3934,30,13,14,15,1209,12],"class_list":{"0":"post-657701","1":"post","2":"type-post","3":"status-publish","4":"format-standard","5":"has-post-thumbnail","7":"category-aachen","8":"tag-aachen","9":"tag-de","10":"tag-deutschland","11":"tag-eu","12":"tag-europa","13":"tag-europe","14":"tag-germany","15":"tag-headlines","16":"tag-nachrichten","17":"tag-news","18":"tag-nordrhein-westfalen","19":"tag-schlagzeilen"},"share_on_mastodon":{"url":"https:\/\/pubeurope.com\/@de\/115746971882017267","error":""},"_links":{"self":[{"href":"https:\/\/www.europesays.com\/de\/wp-json\/wp\/v2\/posts\/657701","targetHints":{"allow":["GET"]}}],"collection":[{"href":"https:\/\/www.europesays.com\/de\/wp-json\/wp\/v2\/posts"}],"about":[{"href":"https:\/\/www.europesays.com\/de\/wp-json\/wp\/v2\/types\/post"}],"author":[{"embeddable":true,"href":"https:\/\/www.europesays.com\/de\/wp-json\/wp\/v2\/users\/2"}],"replies":[{"embeddable":true,"href":"https:\/\/www.europesays.com\/de\/wp-json\/wp\/v2\/comments?post=657701"}],"version-history":[{"count":0,"href":"https:\/\/www.europesays.com\/de\/wp-json\/wp\/v2\/posts\/657701\/revisions"}],"wp:featuredmedia":[{"embeddable":true,"href":"https:\/\/www.europesays.com\/de\/wp-json\/wp\/v2\/media\/657702"}],"wp:attachment":[{"href":"https:\/\/www.europesays.com\/de\/wp-json\/wp\/v2\/media?parent=657701"}],"wp:term":[{"taxonomy":"category","embeddable":true,"href":"https:\/\/www.europesays.com\/de\/wp-json\/wp\/v2\/categories?post=657701"},{"taxonomy":"post_tag","embeddable":true,"href":"https:\/\/www.europesays.com\/de\/wp-json\/wp\/v2\/tags?post=657701"}],"curies":[{"name":"wp","href":"https:\/\/api.w.org\/{rel}","templated":true}]}}