{"id":657710,"date":"2025-12-19T15:40:20","date_gmt":"2025-12-19T15:40:20","guid":{"rendered":"https:\/\/www.europesays.com\/de\/657710\/"},"modified":"2025-12-19T15:40:20","modified_gmt":"2025-12-19T15:40:20","slug":"veltins-und-schalke-schliessen-vorzeitigen-vertrag-ab","status":"publish","type":"post","link":"https:\/\/www.europesays.com\/de\/657710\/","title":{"rendered":"Veltins und Schalke schlie\u00dfen vorzeitigen Vertrag ab"},"content":{"rendered":"<p class=\"expressive-copy-lg-body\">Die <a href=\"https:\/\/www.veltins.de\/\" target=\"_blank\" rel=\"noopener\">Brauerei Veltins<\/a> und der FC Schalke 04 haben den Namensrechtevertrag f\u00fcr die Arena in Gelsenkirchen vorzeitig um weitere zehn Jahre bis 2036 verl\u00e4ngert. Gleichzeitig bleiben die Ausschankrechte im k\u00f6nigsblauen Wohnzimmer in den H\u00e4nden der Brauerei aus <a href=\"http:\/\/www.wp.de\/www.wp.de\/meschede\" target=\"_blank\" rel=\"noopener\">Meschede<\/a>-Grevenstein. Bereits seit 1997 gibt es die Partnerschaft zwischen Veltins und dem FC Schalke 04. Vor 20 Jahren, genau im Juli 2005, waren die Namensrechte f\u00fcr das Schalker Zuhause zus\u00e4tzlich \u00fcbernommen worden.<\/p>\n<p>    <img decoding=\"async\" src=\"https:\/\/www.europesays.com\/de\/wp-content\/uploads\/2025\/12\/410753703_1766148326_v16_9_1200.jpeg\" class=\"relative z-10 block w-full object-cover aspect-[16\/9] md:aspect-[16\/9] lg:aspect-[16\/9]\" alt=\"Die Veltins Arena\" title=\"Blick auf die Veltins-Arena: Der Schriftzug bleibt auch in den n\u00e4chsten Jahren bestehen.\" loading=\"lazy\"\/><\/p>\n<p>\n      Blick auf die Veltins-Arena: Der Schriftzug bleibt auch in den n\u00e4chsten Jahren bestehen.<br \/>\n      \u00a9 Anke Waelischmiller\/dpa | Anke Waelischmiller\n    <\/p>\n<p class=\"expressive-copy-lg-body\">\u201eIch m\u00f6chte mich ganz herzlich bei Veltins f\u00fcr die <a href=\"https:\/\/www.wp.de\/lokales\/meschede-und-umland\/article409859270\/schalke-bosse-zum-austausch-bei-der-brauerei-veltins-in-meschede.html\" data-category-full-path=\"https:\/\/www.wp.de\/lokales\/meschede-und-umland\/\" data-paid-status=\"default\" data-article-publish-date=\"1756387989\" target=\"_blank\" rel=\"noopener\">Fortsetzung unserer langj\u00e4hrigen Partnerschaft<\/a> bedanken. Die Gespr\u00e4che waren durchweg positiv und von dem Wunsch gepr\u00e4gt, den gemeinsamen Weg mit einem kraftvollen Zeichen fortzusetzen\u201c, sagte Matthias Tillmann, Vorstandsvorsitzender des FC Schalke 04. Nach offenen Gespr\u00e4chen und inhaltlichen Beratungen waren sich beide Seiten einig, die Namensrechte der Veltins-Arena mit der bew\u00e4hrten Strahlkraft ab 1. Juli 2026 weiterzuf\u00fchren. \u201eDie vorzeitige Vertragsverl\u00e4ngerung unterstreicht die glaubw\u00fcrdige Best\u00e4ndigkeit unserer Zusammenarbeit, die nicht zuletzt von den Schalker Fans intensiv gelebt wird\u201c, so Fabian Veltins, Gesch\u00e4ftsf\u00fchrer Marketing der Brauerei Veltins. \u201eDie Veltins-Arena ist mit ihrem Multifunktions-Charakter zugleich unsere gr\u00f6\u00dfte Gastronomie und zum Inbegriff einer sympathischen und tragf\u00e4higen, sportlichen Verbindung geworden.\u201c<\/p>\n<p>  Belieferungsrecht f\u00fcr das Bier bei Veltins<\/p>\n<p class=\"expressive-copy-lg-body\">Der Vertrag bietet Veltins weiterhin umfangreiche Marketingrechte sowie das exklusive Bier-Belieferungsrecht in der Arena. Neben den Hauptpartnern, dem Ausr\u00fcster und dem \u00c4rmelpartner bleibt Veltins damit wichtigster Partner der K\u00f6nigsblauen. Mit der Verl\u00e4ngerung des Engagements bekr\u00e4ftigen die Sauerl\u00e4nder Brauer die erfreulichen Aspekte der langj\u00e4hrigen Verbindung: \u201eDer FC Schalke 04 genie\u00dft als einer der gr\u00f6\u00dften Fu\u00dfballvereine Deutschlands hohe Wertsch\u00e4tzung und einen hervorragenden Ruf\u201c, so Fabian Veltins.  <\/p>\n<p>    <img decoding=\"async\" src=\"https:\/\/www.europesays.com\/de\/wp-content\/uploads\/2025\/12\/410753130_1766148326_v16_9_1200.jpeg\" class=\"relative z-10 block w-full object-cover aspect-[16\/9] md:aspect-[16\/9] lg:aspect-[16\/9]\" alt=\"Vertrag bis 2036 verl\u00e4ngert: Brauerei ist weitere zehn Jahre Namensgeber der Veltins-Arena\" title=\"Seit 2005 ist Veltins Namensgeber der multifunktionalen Arena, die j\u00e4hrlich von mehr als zwei Millionen Menschen besucht wird.  \" loading=\"lazy\"\/><\/p>\n<p>\n      Seit 2005 ist Veltins Namensgeber der multifunktionalen Arena, die j\u00e4hrlich von mehr als zwei Millionen Menschen besucht wird.<br \/>\n      \u00a9 FC Schalke 04 | Brauerei C. &amp; A. VELTINS GmbH &amp; Co. KG\n    <\/p>\n<p>  Lesen Sie auch<\/p>\n<p class=\"expressive-copy-lg-body\">Sportsponsoring ist deshalb erfolgreich, weil es von Impulsen lebt und sich st\u00e4ndig erneuert. <a href=\"https:\/\/www.wp.de\/lokales\/meschede-und-umland\/article409672907\/seit-20-jahren-strahlt-der-veltins-schriftzug-an-der-arena-auf-schalke.html\" data-category-full-path=\"https:\/\/www.wp.de\/lokales\/meschede-und-umland\/\" data-paid-status=\"default\" data-article-publish-date=\"1754314489\" target=\"_blank\" rel=\"noopener\">Unter diesen Voraussetzungen f\u00fchrt die Brauerei Veltins seit 28 Jahren ihr Engagement beim FC Schalke 04.<\/a> Zu Saisonbeginn 1997\/98 wurde die Partnerschaft vorgestellt \u2013 damals noch im legend\u00e4ren Parkstadion. \u201eEs war der Beginn einer neuen, funktionierenden Partnerschaft\u201c, ist Fabian Veltins \u00fcberzeugt. Angefangen hatte alles mit dem Trikotsponsoring, das damals als sympathisches Signal die Bundesligasaison er\u00f6ffnet hatte. Die Zusammenarbeit verlief erfolgreich und machte Mut zu neuen, innovativen Projekten. So folgte der Bau der neuen Arena \u2013 die Brauerei Veltins war von Anfang an in die gastronomischen Planungen eingebunden. <\/p>\n<p>    <img decoding=\"async\" src=\"https:\/\/www.europesays.com\/de\/wp-content\/uploads\/2025\/12\/410753744_1766148326_v16_9_1200.jpeg\" class=\"relative z-10 block w-full object-cover aspect-[16\/9] md:aspect-[16\/9] lg:aspect-[16\/9]\" alt=\"FC Schalke 04 - SV Elversberg 07\" title=\"Blick in die volle Arena auf Schalke: Auch sportlich l\u00e4uft es derzeit bei den K\u00f6nigsblauen.\" loading=\"lazy\"\/><\/p>\n<p>\n      Blick in die volle Arena auf Schalke: Auch sportlich l\u00e4uft es derzeit bei den K\u00f6nigsblauen.<br \/>\n      \u00a9 IMAGO\/RHR-Foto | imago sport\n    <\/p>\n<p>\n        Mehr Nachrichten der WP Meschede<\/p>\n<p class=\"expressive-copy-lg-body\">Seit der Er\u00f6ffnung am 13. August 2001 sind j\u00e4hrlich mehr als zwei Millionen Menschen zu Gast in der Multifunktions-Arena. Die Brauerei  Veltins \u00fcbernahm mit dem Start sogleich das Hauptsponsoring der Arena \u2013 schon damals ein klares Bekenntnis zum FC Schalke 04. Mit dem Bau der Arena war zugleich eine zentrale Bierversorgung in das Mammut-Projekt integriert worden, die heute europaweit immer noch einmalig ist. Zum 1. Juli 2005 wurde unter der Regie von <a href=\"https:\/\/www.wp.de\/lokales\/meschede-und-umland\/article410225117\/veltins-begeistert-schalke-star-stellt-beruehmtes-werbefoto-nach.html\" data-category-full-path=\"https:\/\/www.wp.de\/lokales\/meschede-und-umland\/\" data-paid-status=\"default\" data-article-publish-date=\"1760606028\" target=\"_blank\" rel=\"noopener\">Schalke-Legende Rudi Assauer<\/a> mit der \u00dcbernahme der Namensrechte an der Veltins-Arena die Zusammenarbeit auf eine neue, zukunftsf\u00e4hige Basis gestellt \u2013 von den Mitgliedern und Fans gab es ausnahmslos wohlwollende Zustimmung. <\/p>\n","protected":false},"excerpt":{"rendered":"Die Brauerei Veltins und der FC Schalke 04 haben den Namensrechtevertrag f\u00fcr die Arena in Gelsenkirchen vorzeitig um&hellip;\n","protected":false},"author":2,"featured_media":657711,"comment_status":"","ping_status":"","sticky":false,"template":"","format":"standard","meta":{"footnotes":""},"categories":[1848],"tags":[3364,29,548,663,3934,3658,30,13,14,15,1209,12],"class_list":{"0":"post-657710","1":"post","2":"type-post","3":"status-publish","4":"format-standard","5":"has-post-thumbnail","7":"category-gelsenkirchen","8":"tag-de","9":"tag-deutschland","10":"tag-eu","11":"tag-europa","12":"tag-europe","13":"tag-gelsenkirchen","14":"tag-germany","15":"tag-headlines","16":"tag-nachrichten","17":"tag-news","18":"tag-nordrhein-westfalen","19":"tag-schlagzeilen"},"share_on_mastodon":{"url":"https:\/\/pubeurope.com\/@de\/115746992447755859","error":""},"_links":{"self":[{"href":"https:\/\/www.europesays.com\/de\/wp-json\/wp\/v2\/posts\/657710","targetHints":{"allow":["GET"]}}],"collection":[{"href":"https:\/\/www.europesays.com\/de\/wp-json\/wp\/v2\/posts"}],"about":[{"href":"https:\/\/www.europesays.com\/de\/wp-json\/wp\/v2\/types\/post"}],"author":[{"embeddable":true,"href":"https:\/\/www.europesays.com\/de\/wp-json\/wp\/v2\/users\/2"}],"replies":[{"embeddable":true,"href":"https:\/\/www.europesays.com\/de\/wp-json\/wp\/v2\/comments?post=657710"}],"version-history":[{"count":0,"href":"https:\/\/www.europesays.com\/de\/wp-json\/wp\/v2\/posts\/657710\/revisions"}],"wp:featuredmedia":[{"embeddable":true,"href":"https:\/\/www.europesays.com\/de\/wp-json\/wp\/v2\/media\/657711"}],"wp:attachment":[{"href":"https:\/\/www.europesays.com\/de\/wp-json\/wp\/v2\/media?parent=657710"}],"wp:term":[{"taxonomy":"category","embeddable":true,"href":"https:\/\/www.europesays.com\/de\/wp-json\/wp\/v2\/categories?post=657710"},{"taxonomy":"post_tag","embeddable":true,"href":"https:\/\/www.europesays.com\/de\/wp-json\/wp\/v2\/tags?post=657710"}],"curies":[{"name":"wp","href":"https:\/\/api.w.org\/{rel}","templated":true}]}}