{"id":657714,"date":"2025-12-19T15:42:12","date_gmt":"2025-12-19T15:42:12","guid":{"rendered":"https:\/\/www.europesays.com\/de\/657714\/"},"modified":"2025-12-19T15:42:12","modified_gmt":"2025-12-19T15:42:12","slug":"fc-augsburg-vs-werder-bremen-am-20-dezember-wo-laeuft-das-spiel-live","status":"publish","type":"post","link":"https:\/\/www.europesays.com\/de\/657714\/","title":{"rendered":"FC Augsburg vs. Werder Bremen am 20. Dezember \u2013 Wo l\u00e4uft das Spiel live?"},"content":{"rendered":"<p>Bundesliga live<\/p>\n<p>Im Liveticker: FC Augsburg gegen Werder Bremen<\/p>\n<p class=\"Textstyled__Text-sc-1cqv9mi-0 cLyiiX ArticleHeadstyled__ArticleSubHeadline-sc-tdzyy5-11 fXdZot\">Am 15. Spieltag der Fu\u00dfball-Bundesliga trifft der FC Augsburg am Samstag auf Werder Bremen. Hier lesen Sie, wo das Spiel live \u00fcbertragen wird und k\u00f6nnen die Partie im Liveticker verfolgen. Ansto\u00df ist um 15.30 Uhr.<\/p>\n<p class=\"Textstyled__Text-sc-1cqv9mi-0 cLyiiX\">Am <b>15. Spieltag<\/b> der Fu\u00dfball-Bundesliga kommt es zum Duell zwischen dem FC Augsburg und dem SV Werder Bremen. Ansto\u00df in der WWK Arena ist am <b>Samstag<\/b>, <b>20. Dezember<\/b>, um <b>15.30 Uhr<\/b>.<\/p>\n<p>Weiterlesen nach der Anzeige<\/p>\n<p>Weiterlesen nach der Anzeige<\/p>\n<p class=\"Textstyled__Text-sc-1cqv9mi-0 cLyiiX\">Wir blicken auf die Ausgangslage beider Teams und zeigen, wo die Begegnung live im TV und Stream zu sehen ist. Zudem k\u00f6nnen Sie das Spiel am Samstagnachmittag <b>hier im Liveticker <\/b>verfolgen.<\/p>\n<p>Liveticker: FC Augsburg gegen SV Werder Bremen<\/p>\n<p>Weiterlesen nach der Anzeige<\/p>\n<p>Weiterlesen nach der Anzeige<\/p>\n<p>FC Augsburg gegen SV Werder Bremen: Die Ausgangslage<\/p>\n<p class=\"Textstyled__Text-sc-1cqv9mi-0 cLyiiX\">Beim <b>FC Augsburg<\/b> steht zum Jahresabschluss ein richtungsweisendes Heimspiel an. Die Fuggerst\u00e4dter mussten sich zuletzt mit 0:1 bei Eintracht Frankfurt geschlagen geben und stecken weiterhin im Tabellenkeller fest. Interimstrainer Manuel Baum sitzt am Samstag zum letzten Mal auf der Bank und hofft auf einen vers\u00f6hnlichen Abschluss vor heimischem Publikum. Mit einem Sieg k\u00f6nnte der FCA in der Tabelle mit Werder Bremen gleichziehen.<\/p>\n<p class=\"Textstyled__Text-sc-1cqv9mi-0 cLyiiX\">Auch bei <b>Werder Bremen<\/b> ist die Lage angespannt. Nach dem deutlichen 0:4 gegen den VfB Stuttgart wartet die Mannschaft von Trainer Horst Steffen seit vier Bundesliga-Spielen auf einen Sieg. Der Vorsprung auf die Abstiegszone ist geschmolzen, die Kritik am Osterdeich nimmt wieder zu. Sportlich wollen die Bremer in Augsburg die Negativserie beenden und mit einem Erfolgserlebnis in die Winterpause gehen.<\/p>\n<p>\u00dcbertragung: Wo l\u00e4uft Augsburg \u2013 Bremen live?<\/p>\n<p class=\"Textstyled__Text-sc-1cqv9mi-0 cLyiiX\">Das Spiel zwischen dem FC Augsburg und Werder Bremen wird live beim Pay-TV-Sender <b>Sky<\/b> \u00fcbertragen. Auf <b>Sky Sport Bundesliga 4 HD<\/b> sind die vollen 90 Minuten inklusive Vor- und Nachberichterstattung zu sehen. Kommentator der Partie ist Hannes Herrmann.<\/p>\n<p>Weiterlesen nach der Anzeige<\/p>\n<p>Weiterlesen nach der Anzeige<\/p>\n<p class=\"Textstyled__Text-sc-1cqv9mi-0 cLyiiX\">In der <b>Samstagskonferenz bei DAZN<\/b> ist die Begegnung ebenfalls zu verfolgen.<\/p>\n<p class=\"Textstyled__Text-sc-1cqv9mi-0 cLyiiX\">Das sind die weiteren Partien des <b>15. Spieltags<\/b> in der Bundesliga:<\/p>\n<p>Wer zeigt Bundesliga live?<\/p>\n<p class=\"Textstyled__Text-sc-1cqv9mi-0 kEnWSL Infoboxstyled__InfoText-sc-1l4p3ie-1 frXoXc\">Die TV-Rechte an der Bundesliga sind auch 2025\/26 zwischen Sky und DAZN aufgeteilt. W\u00e4hrend der Pay-TV-Sender weiterhin alle Freitags- und die einzelnen Samstagsspiele zeigt, laufen die Samstagskonferenz und alle Sonntagsspiele beim Streamingdienst DAZN. Highlights und Zusammenfassungen gibt es nach Abpfiff auch bei RTL+ im kostenpflichtigen Stream.<\/p>\n<p>Wo gibt es einen Livestream?<\/p>\n<p class=\"Textstyled__Text-sc-1cqv9mi-0 cLyiiX\">Im Livestream sehen Sky-Kunden das Spiel zwischen dem FCA und den Gr\u00fcn-Wei\u00dfen \u00fcber <b>Sky Go<\/b> oder den Streamingdienst <b>WOW<\/b> (Live-Sport-Abo). Auch \u00fcber DAZN ist die Partie im Rahmen der Konferenz abrufbar.<\/p>\n<p>Weiterlesen nach der Anzeige<\/p>\n<p>Weiterlesen nach der Anzeige<\/p>\n<p>L\u00e4uft das Spiel im Free-TV?<\/p>\n<p class=\"Textstyled__Text-sc-1cqv9mi-0 cLyiiX\">Im <b>Free-TV<\/b> ist die Partie zwischen<b> Augsburg <\/b>und <b>Bremen <\/b>dagegen <b>nicht live <\/b>zu sehen. Kostenlose Zusammenfassungen sind im Nachgang in den Sportshows von ARD, ZDF oder Sport1 verf\u00fcgbar. <\/p>\n<p>Kaum Bundesliga-Spiele im Free-TV<\/p>\n<p class=\"Textstyled__Text-sc-1cqv9mi-0 kEnWSL Infoboxstyled__InfoText-sc-1l4p3ie-1 frXoXc\">Im deutschen Free-TV werden pro Saison nur wenige Bundesligaspiele live \u00fcbertragen. Der Gro\u00dfteil der Begegnungen wird exklusiv im Pay-TV gezeigt. In der Saison 2025\/26 zeigt Sat.1 das Er\u00f6ffnungsspiel am 1. Spieltag, die Freitagspartien vor und nach der Winterpause sowie die Relegationsspiele. Auch der erstmals unter neuem Namen ausgetragene Franz-Beckenbauer-Supercup wurde in dieser Saison von Sat.1 live im Free-TV \u00fcbertragen.<\/p>\n","protected":false},"excerpt":{"rendered":"Bundesliga live Im Liveticker: FC Augsburg gegen Werder Bremen Am 15. Spieltag der Fu\u00dfball-Bundesliga trifft der FC Augsburg&hellip;\n","protected":false},"author":2,"featured_media":657715,"comment_status":"","ping_status":"","sticky":false,"template":"","format":"standard","meta":{"footnotes":""},"categories":[1846],"tags":[680,772,3364,29,548,663,3934,30,13,14,15,12],"class_list":{"0":"post-657714","1":"post","2":"type-post","3":"status-publish","4":"format-standard","5":"has-post-thumbnail","7":"category-augsburg","8":"tag-augsburg","9":"tag-bayern","10":"tag-de","11":"tag-deutschland","12":"tag-eu","13":"tag-europa","14":"tag-europe","15":"tag-germany","16":"tag-headlines","17":"tag-nachrichten","18":"tag-news","19":"tag-schlagzeilen"},"share_on_mastodon":{"url":"https:\/\/pubeurope.com\/@de\/115746999109206346","error":""},"_links":{"self":[{"href":"https:\/\/www.europesays.com\/de\/wp-json\/wp\/v2\/posts\/657714","targetHints":{"allow":["GET"]}}],"collection":[{"href":"https:\/\/www.europesays.com\/de\/wp-json\/wp\/v2\/posts"}],"about":[{"href":"https:\/\/www.europesays.com\/de\/wp-json\/wp\/v2\/types\/post"}],"author":[{"embeddable":true,"href":"https:\/\/www.europesays.com\/de\/wp-json\/wp\/v2\/users\/2"}],"replies":[{"embeddable":true,"href":"https:\/\/www.europesays.com\/de\/wp-json\/wp\/v2\/comments?post=657714"}],"version-history":[{"count":0,"href":"https:\/\/www.europesays.com\/de\/wp-json\/wp\/v2\/posts\/657714\/revisions"}],"wp:featuredmedia":[{"embeddable":true,"href":"https:\/\/www.europesays.com\/de\/wp-json\/wp\/v2\/media\/657715"}],"wp:attachment":[{"href":"https:\/\/www.europesays.com\/de\/wp-json\/wp\/v2\/media?parent=657714"}],"wp:term":[{"taxonomy":"category","embeddable":true,"href":"https:\/\/www.europesays.com\/de\/wp-json\/wp\/v2\/categories?post=657714"},{"taxonomy":"post_tag","embeddable":true,"href":"https:\/\/www.europesays.com\/de\/wp-json\/wp\/v2\/tags?post=657714"}],"curies":[{"name":"wp","href":"https:\/\/api.w.org\/{rel}","templated":true}]}}