{"id":657731,"date":"2025-12-19T15:52:18","date_gmt":"2025-12-19T15:52:18","guid":{"rendered":"https:\/\/www.europesays.com\/de\/657731\/"},"modified":"2025-12-19T15:52:18","modified_gmt":"2025-12-19T15:52:18","slug":"e-scooter-fahrer-aus-wuppertal-unter-drogeneinfluss","status":"publish","type":"post","link":"https:\/\/www.europesays.com\/de\/657731\/","title":{"rendered":"E-Scooter-Fahrer aus Wuppertal unter Drogeneinfluss"},"content":{"rendered":"<p class=\"text_ohne_einzug richtext text-em-55 !leading-serif mx-6 desktop:mx-0\">Der Besatzung eines Streifenwagens ist am Donnerstag, 18. Dezember, gegen 19.10 Uhr ein E-Scooter-Fahrer aufgefallen, der zun\u00e4chst \u00fcber eine rote Ampel fuhr, bevor er stark schwankend in H\u00f6he einer Mittelinsel anhielt und zu fallen drohte. Laut Mitteilung der Polizei Hagen sprachen die Beamten den 26-J\u00e4hrigen aus Wuppertal an. Der Mann schob den Roller zun\u00e4chst in Richtung der Einsatzkr\u00e4fte, dann beschleunigte er den E-Scooter kurzzeitig, sodass dieser eine Art \u201eWheelie\u201c machte.<\/p>\n","protected":false},"excerpt":{"rendered":"Der Besatzung eines Streifenwagens ist am Donnerstag, 18. Dezember, gegen 19.10 Uhr ein E-Scooter-Fahrer aufgefallen, der zun\u00e4chst \u00fcber&hellip;\n","protected":false},"author":2,"featured_media":657732,"comment_status":"","ping_status":"","sticky":false,"template":"","format":"standard","meta":{"footnotes":""},"categories":[1840],"tags":[110004,21247,10533,3364,29,30,20442,1209,4728,4418],"class_list":{"0":"post-657731","1":"post","2":"type-post","3":"status-publish","4":"format-standard","5":"has-post-thumbnail","7":"category-wuppertal","8":"tag-abgeben","9":"tag-beamten","10":"tag-blutprobe","11":"tag-de","12":"tag-deutschland","13":"tag-germany","14":"tag-hagen","15":"tag-nordrhein-westfalen","16":"tag-scooter","17":"tag-wuppertal"},"share_on_mastodon":{"url":"https:\/\/pubeurope.com\/@de\/115747038472186508","error":""},"_links":{"self":[{"href":"https:\/\/www.europesays.com\/de\/wp-json\/wp\/v2\/posts\/657731","targetHints":{"allow":["GET"]}}],"collection":[{"href":"https:\/\/www.europesays.com\/de\/wp-json\/wp\/v2\/posts"}],"about":[{"href":"https:\/\/www.europesays.com\/de\/wp-json\/wp\/v2\/types\/post"}],"author":[{"embeddable":true,"href":"https:\/\/www.europesays.com\/de\/wp-json\/wp\/v2\/users\/2"}],"replies":[{"embeddable":true,"href":"https:\/\/www.europesays.com\/de\/wp-json\/wp\/v2\/comments?post=657731"}],"version-history":[{"count":0,"href":"https:\/\/www.europesays.com\/de\/wp-json\/wp\/v2\/posts\/657731\/revisions"}],"wp:featuredmedia":[{"embeddable":true,"href":"https:\/\/www.europesays.com\/de\/wp-json\/wp\/v2\/media\/657732"}],"wp:attachment":[{"href":"https:\/\/www.europesays.com\/de\/wp-json\/wp\/v2\/media?parent=657731"}],"wp:term":[{"taxonomy":"category","embeddable":true,"href":"https:\/\/www.europesays.com\/de\/wp-json\/wp\/v2\/categories?post=657731"},{"taxonomy":"post_tag","embeddable":true,"href":"https:\/\/www.europesays.com\/de\/wp-json\/wp\/v2\/tags?post=657731"}],"curies":[{"name":"wp","href":"https:\/\/api.w.org\/{rel}","templated":true}]}}