{"id":657743,"date":"2025-12-19T15:59:43","date_gmt":"2025-12-19T15:59:43","guid":{"rendered":"https:\/\/www.europesays.com\/de\/657743\/"},"modified":"2025-12-19T15:59:43","modified_gmt":"2025-12-19T15:59:43","slug":"uk-met-office-warnt-2026-weltmitteltemperatur-eins-komma-vier-grad-ueber-vorindustriellem-niveau","status":"publish","type":"post","link":"https:\/\/www.europesays.com\/de\/657743\/","title":{"rendered":"UK Met Office warnt: 2026 Weltmitteltemperatur eins Komma vier Grad \u00fcber vorindustriellem Niveau"},"content":{"rendered":"<p>\n         Zuerst ver\u00f6ffentlicht am<br \/>\n            19\/12\/2025 &#8211; 12:31 MEZ\n            <\/p>\n<p>Wissenschaftler rechnen damit, dass 2026 eines der hei\u00dfesten Jahre seit 1850 wird. Die w\u00e4rmespeichernden Emissionen heizen den Planeten weiter auf.<\/p>\n<p>Anfang dieses Monats meldete <a href=\"https:\/\/www.euronews.com\/green\/2025\/12\/09\/temperature-average-for-2023-2025-on-track-to-exceed-15c-for-first-time-copernicus-data-re\" target=\"_blank\" rel=\"noopener\"><strong>Copernicus<\/strong><\/a>, dass 2025 derzeit mit 2023 als das zweitw\u00e4rmste Jahr seit Beginn der Aufzeichnungen gleichauf liegt. Von Januar bis November lag die weltweite Durchschnittstemperatur 2025 um 1,48 Grad \u00fcber dem vorindustriellen Niveau.<\/p>\n<p>2024 bleibt das hei\u00dfeste Jahr seit Beginn der Messreihen und das erste, das die Marke von 1,5 Grad \u00fcber dem Referenzzeitraum 1850 bis 1900 \u00fcberschritten hat.<\/p>\n<p>Wie hei\u00df wird 2026?<\/p>\n<p>Der britische Wetterdienst Met Office hat seinen j\u00fcngsten Ausblick zur weltweiten Durchschnittstemperatur ver\u00f6ffentlicht. Er warnt, dass 2026 wohl zum vierten Jahr wird, in dem die globale Mitteltemperatur um 1,4 Grad \u00fcber dem vorindustriellen Durchschnitt liegt.<\/p>\n<p>Die Forschenden erwarten Werte zwischen 1,34 und 1,58 Grad. Der zentrale Sch\u00e4tzwert liegt bei 1,46 Grad \u00fcber dem vorindustriellen Mittel.<\/p>\n<p>\u201eDie letzten drei Jahre haben sehr wahrscheinlich jeweils die 1,4 Grad \u00fcberschritten, und wir erwarten, dass 2026 als viertes Jahr in Folge ebenfalls dar\u00fcber liegt\u201c, sagt Professor Adam Scaife, der das Team hinter der globalen Prognose leitete.<\/p>\n<p>\u201eVor diesem Anstieg hatte die globale Temperatur 1,3 Grad nicht \u00fcberschritten.\u201c<\/p>\n<p>Das Pariser Abkommen in Gefahr<\/p>\n<p>Im Jahr 2015 unterzeichneten fast zweihundert Staaten einen rechtsverbindlichen Vertrag. Ziel: den Anstieg der weltweiten Durchschnittstemperatur deutlich unter zwei Grad \u00fcber dem vorindustriellen Niveau zu halten und Anstrengungen zu unternehmen, um den Temperaturanstieg auf 1,5 Grad zu begrenzen.<\/p>\n<p>Der Vertrag, bekannt als Pariser Abkommen, gilt oft als eine der gr\u00f6\u00dften Umweltverpflichtungen der Geschichte. Da die Temperaturen weiter steigen, ohne nachzulassen, f\u00fcrchten Wissenschaftler, dass die Ziele bald \u00fcberschritten werden.<\/p>\n<p>Nach Angaben der Vereinten Nationen m\u00fcssen die Treibhausgasemissionen sp\u00e4testens bis 2025 ihren H\u00f6hepunkt erreichen und bis 2030 um 43 Prozent sinken, um die Erw\u00e4rmung auf 1,5 Grad zu begrenzen.<\/p>\n<p>\u201e2024 gab es die erste vor\u00fcbergehende \u00dcberschreitung von 1,5 Grad, und unsere Prognose f\u00fcr 2026 deutet darauf hin, dass dies erneut m\u00f6glich ist\u201c, warnt Dr. Nick Dunstone vom Met Office.<\/p>\n<p>\u201eDas zeigt, wie schnell wir dem 1,5-Grad-Ziel des Pariser Abkommens n\u00e4herkommen.\u201c<\/p>\n<p>Wissenschaftler warnen seit Langem, dass ein \u00dcberschreiten des 1,5-Grad-Ziels viele \u201eschwere\u201c Folgen birgt: extreme Wetterereignisse, Einbu\u00dfen beim Bruttoinlandsprodukt und sinkende Sterblichkeit.<\/p>\n<p>Deshalb fordert der j\u00fcngste Bericht des <a href=\"https:\/\/www.euronews.com\/green\/2025\/12\/10\/a-planet-in-peril-un-calls-for-global-climate-investment-to-unlock-17-trillion-benefit-by-\" target=\"_blank\" rel=\"noopener\"><strong>Umweltprogramms der Vereinten Nationen<\/strong><\/a> (UNEP) einen globalen Kurswechsel, um einen gesunden Planeten und \u201eWohlstand f\u00fcr alle\u201c zu sichern.<\/p>\n<p>Dazu z\u00e4hlen der Umbau zu Kreislaufwirtschaftsmodellen, die den \u201eMaterialfu\u00dfabdruck\u201c verringern, die schnelle Dekarbonisierung des Energiesystems, ein Wandel hin zu nachhaltigen Ern\u00e4hrungsweisen, weniger Abfall und die Wiederherstellung degradierter \u00d6kosysteme.<\/p>\n","protected":false},"excerpt":{"rendered":"Zuerst ver\u00f6ffentlicht am 19\/12\/2025 &#8211; 12:31 MEZ Wissenschaftler rechnen damit, dass 2026 eines der hei\u00dfesten Jahre seit 1850&hellip;\n","protected":false},"author":2,"featured_media":657744,"comment_status":"","ping_status":"","sticky":false,"template":"","format":"standard","meta":{"footnotes":""},"categories":[3976],"tags":[331,332,13,952,14,15,12,89864,63702,3992,3993,3994,3995,3996,3997,18114],"class_list":{"0":"post-657743","1":"post","2":"type-post","3":"status-publish","4":"format-standard","5":"has-post-thumbnail","7":"category-vereinigtes-koenigreich","8":"tag-aktuelle-nachrichten","9":"tag-aktuelle-news","10":"tag-headlines","11":"tag-klimawandel","12":"tag-nachrichten","13":"tag-news","14":"tag-schlagzeilen","15":"tag-treibhauseffekt","16":"tag-treibhausgas","17":"tag-uk","18":"tag-united-kingdom","19":"tag-united-kingdom-of-great-britain-and-northern-ireland","20":"tag-vereinigtes-koenigreich","21":"tag-vereinigtes-koenigreich-grossbritannien-und-nordirland","22":"tag-vereinigtes-koenigreich-von-grossbritannien-und-nordirland","23":"tag-wetterextreme"},"share_on_mastodon":{"url":"https:\/\/pubeurope.com\/@de\/115747065993472406","error":""},"_links":{"self":[{"href":"https:\/\/www.europesays.com\/de\/wp-json\/wp\/v2\/posts\/657743","targetHints":{"allow":["GET"]}}],"collection":[{"href":"https:\/\/www.europesays.com\/de\/wp-json\/wp\/v2\/posts"}],"about":[{"href":"https:\/\/www.europesays.com\/de\/wp-json\/wp\/v2\/types\/post"}],"author":[{"embeddable":true,"href":"https:\/\/www.europesays.com\/de\/wp-json\/wp\/v2\/users\/2"}],"replies":[{"embeddable":true,"href":"https:\/\/www.europesays.com\/de\/wp-json\/wp\/v2\/comments?post=657743"}],"version-history":[{"count":0,"href":"https:\/\/www.europesays.com\/de\/wp-json\/wp\/v2\/posts\/657743\/revisions"}],"wp:featuredmedia":[{"embeddable":true,"href":"https:\/\/www.europesays.com\/de\/wp-json\/wp\/v2\/media\/657744"}],"wp:attachment":[{"href":"https:\/\/www.europesays.com\/de\/wp-json\/wp\/v2\/media?parent=657743"}],"wp:term":[{"taxonomy":"category","embeddable":true,"href":"https:\/\/www.europesays.com\/de\/wp-json\/wp\/v2\/categories?post=657743"},{"taxonomy":"post_tag","embeddable":true,"href":"https:\/\/www.europesays.com\/de\/wp-json\/wp\/v2\/tags?post=657743"}],"curies":[{"name":"wp","href":"https:\/\/api.w.org\/{rel}","templated":true}]}}