{"id":657745,"date":"2025-12-19T16:00:13","date_gmt":"2025-12-19T16:00:13","guid":{"rendered":"https:\/\/www.europesays.com\/de\/657745\/"},"modified":"2025-12-19T16:00:13","modified_gmt":"2025-12-19T16:00:13","slug":"weihnachtsmarkt-erstein-erstein-frankreich","status":"publish","type":"post","link":"https:\/\/www.europesays.com\/de\/657745\/","title":{"rendered":"Weihnachtsmarkt Erstein &#8211; Erstein (Frankreich)"},"content":{"rendered":"<p class=\"detail-item__teaser\">\n\t\t\t\t\t\tIn der Partnerstadt von Friesenheim, in Erstein im Elsass findet jedes Jahr an zwei Wochenenden ein stimmungsvoller Weihnachtsmarkt rund um das Hotel de Ville (Rathaus) statt. Es geht enspannt und gem\u00fctlich zu mit regionalen Produkten, Handwerkskunst und verschiedenen kulinarischen Angeboten. Sonntags finden<br \/>Feuerwerke und eine Wasser,- Licht -und Musikshow statt. F\u00fcr Kinder wird ebenfalls hier viel geboten: ein Zelt mit Spielen und ein Fotozelt, um mit einem originalgetreuen Weihnachtsmann Fotos zu schie\u00dfen. Fernab der \u00fcberf\u00fcllten M\u00e4rkte ist Erstein eine sch\u00f6ne Alternative f\u00fcr Leute, die es lieber klein und gem\u00fctlich m\u00f6gen.<\/p>\n<p>Weihnachtsmarkt Erstein: Samstag, 14.12., 15-20 Uhr, Samstag und Sonntag 21. und 22.12., 15-20 Uhr.\n\t\t\t\t\t<\/p>\n","protected":false},"excerpt":{"rendered":"In der Partnerstadt von Friesenheim, in Erstein im Elsass findet jedes Jahr an zwei Wochenenden ein stimmungsvoller Weihnachtsmarkt&hellip;\n","protected":false},"author":2,"featured_media":657746,"comment_status":"","ping_status":"","sticky":false,"template":"","format":"standard","meta":{"footnotes":""},"categories":[3974],"tags":[331,332,47857,47858,548,663,3934,3980,156,13,14,15,12],"class_list":{"0":"post-657745","1":"post","2":"type-post","3":"status-publish","4":"format-standard","5":"has-post-thumbnail","7":"category-frankreich","8":"tag-aktuelle-nachrichten","9":"tag-aktuelle-news","10":"tag-badische-zeitung","11":"tag-bz-ticket-de","12":"tag-eu","13":"tag-europa","14":"tag-europe","15":"tag-france","16":"tag-frankreich","17":"tag-headlines","18":"tag-nachrichten","19":"tag-news","20":"tag-schlagzeilen"},"share_on_mastodon":{"url":"https:\/\/pubeurope.com\/@de\/115747069783834138","error":""},"_links":{"self":[{"href":"https:\/\/www.europesays.com\/de\/wp-json\/wp\/v2\/posts\/657745","targetHints":{"allow":["GET"]}}],"collection":[{"href":"https:\/\/www.europesays.com\/de\/wp-json\/wp\/v2\/posts"}],"about":[{"href":"https:\/\/www.europesays.com\/de\/wp-json\/wp\/v2\/types\/post"}],"author":[{"embeddable":true,"href":"https:\/\/www.europesays.com\/de\/wp-json\/wp\/v2\/users\/2"}],"replies":[{"embeddable":true,"href":"https:\/\/www.europesays.com\/de\/wp-json\/wp\/v2\/comments?post=657745"}],"version-history":[{"count":0,"href":"https:\/\/www.europesays.com\/de\/wp-json\/wp\/v2\/posts\/657745\/revisions"}],"wp:featuredmedia":[{"embeddable":true,"href":"https:\/\/www.europesays.com\/de\/wp-json\/wp\/v2\/media\/657746"}],"wp:attachment":[{"href":"https:\/\/www.europesays.com\/de\/wp-json\/wp\/v2\/media?parent=657745"}],"wp:term":[{"taxonomy":"category","embeddable":true,"href":"https:\/\/www.europesays.com\/de\/wp-json\/wp\/v2\/categories?post=657745"},{"taxonomy":"post_tag","embeddable":true,"href":"https:\/\/www.europesays.com\/de\/wp-json\/wp\/v2\/tags?post=657745"}],"curies":[{"name":"wp","href":"https:\/\/api.w.org\/{rel}","templated":true}]}}