{"id":657762,"date":"2025-12-19T16:11:15","date_gmt":"2025-12-19T16:11:15","guid":{"rendered":"https:\/\/www.europesays.com\/de\/657762\/"},"modified":"2025-12-19T16:11:15","modified_gmt":"2025-12-19T16:11:15","slug":"klimaveraenderung-erfordert-stadtumbau-in-nuernberg","status":"publish","type":"post","link":"https:\/\/www.europesays.com\/de\/657762\/","title":{"rendered":"Klimaver\u00e4nderung erfordert Stadtumbau in N\u00fcrnberg"},"content":{"rendered":"<p>                                &#8211;                                Der Klimawandel schreitet voran, die Folgen sind sp\u00fcrbar &#8211; auch in N\u00fcrnberg. K\u00fcnftig k\u00f6nnten Temperaturen auf s\u00fcdeurop\u00e4isches Niveau ansteigen. Die Stadt will gegensteuern. Umweltreferentin Walthelm nennt Ma\u00dfnahmen.<\/p>\n<p>                Mediterrane Verh\u00e4ltnisse in N\u00fcrnberg &#8211; das klingt verlockend, wenn es um Speisen, Getr\u00e4nke und das Lebensgef\u00fchl \u00e0 la \u201eDolce Vita\u201c geht, ist aber deutlich weniger erstrebenswert, wenn es sich auf Temperaturprognosen bezieht. Doch genau das k\u00f6nnte N\u00fcrnberg bl\u00fchen.<\/p>\n<p>Der Umweltausschuss des N\u00fcrnberger Stadtrats hat sich laut einer Pressemitteilung der Stadt am Mittwoch, 17. Dezember, mit dem aktuellen Stadtklimagutachten befasst. Es bilde eine Grundlage f\u00fcr die Arbeit der Umweltverwaltung und diene als Abw\u00e4gungsmaterial f\u00fcr st\u00e4dtebauliche Planungen und Konzepte. Eine Karte verdeutliche die Entwicklung von \u00dcberw\u00e4rmung sowie den Luftaustausch im Stadtgebiet. Und das Gutachten zeige deutlich: N\u00fcrnberg muss sich wandeln.<\/p>\n<p>Britta Walthelm, Referentin f\u00fcr Umwelt und Gesundheit der Stadt N\u00fcrnberg, stellt fest: \u201eSchreitet der Klimawandel ungebremst voran, erwarten Prognosen f\u00fcr N\u00fcrnberg zwischen 2031 und 2060 ein Temperaturniveau wie heute in Lyon, einer der hei\u00dfesten St\u00e4dte Frankreichs. Ab 2071 k\u00f6nnten die klimatischen Bedingungen sogar denen der italienischen Stadt Rimini entsprechen.\u201c F\u00fcr N\u00fcrnberg bedeute das: Parks und Gr\u00fcnfl\u00e4chen sichern und ausbauen, mehr Wasser in den Stadtraum integrieren, Schatten durch B\u00e4ume, Sonnensegel oder Pergolen schaffen und Kaltluftleitbahnen konsequent von Bebauung freihalten.<\/p>\n<p>Das Stadtklimagutachten ist laut Angaben der Stadt ein zentraler Baustein der N\u00fcrnberger Klimaanpassungsstrategie. Es bilde zudem eine wesentliche Grundlage f\u00fcr das Klimaanpassungskonzept sowie f\u00fcr die Umsetzung von Ma\u00dfnahmen im Rahmen des Hitzeaktionsplans.<\/p>\n","protected":false},"excerpt":{"rendered":"&#8211; Der Klimawandel schreitet voran, die Folgen sind sp\u00fcrbar &#8211; auch in N\u00fcrnberg. K\u00fcnftig k\u00f6nnten Temperaturen auf s\u00fcdeurop\u00e4isches&hellip;\n","protected":false},"author":2,"featured_media":657763,"comment_status":"","ping_status":"","sticky":false,"template":"","format":"standard","meta":{"footnotes":""},"categories":[1837],"tags":[772,3364,29,30,3783],"class_list":{"0":"post-657762","1":"post","2":"type-post","3":"status-publish","4":"format-standard","5":"has-post-thumbnail","7":"category-nuernberg","8":"tag-bayern","9":"tag-de","10":"tag-deutschland","11":"tag-germany","12":"tag-nuernberg"},"share_on_mastodon":{"url":"https:\/\/pubeurope.com\/@de\/115747113199476748","error":""},"_links":{"self":[{"href":"https:\/\/www.europesays.com\/de\/wp-json\/wp\/v2\/posts\/657762","targetHints":{"allow":["GET"]}}],"collection":[{"href":"https:\/\/www.europesays.com\/de\/wp-json\/wp\/v2\/posts"}],"about":[{"href":"https:\/\/www.europesays.com\/de\/wp-json\/wp\/v2\/types\/post"}],"author":[{"embeddable":true,"href":"https:\/\/www.europesays.com\/de\/wp-json\/wp\/v2\/users\/2"}],"replies":[{"embeddable":true,"href":"https:\/\/www.europesays.com\/de\/wp-json\/wp\/v2\/comments?post=657762"}],"version-history":[{"count":0,"href":"https:\/\/www.europesays.com\/de\/wp-json\/wp\/v2\/posts\/657762\/revisions"}],"wp:featuredmedia":[{"embeddable":true,"href":"https:\/\/www.europesays.com\/de\/wp-json\/wp\/v2\/media\/657763"}],"wp:attachment":[{"href":"https:\/\/www.europesays.com\/de\/wp-json\/wp\/v2\/media?parent=657762"}],"wp:term":[{"taxonomy":"category","embeddable":true,"href":"https:\/\/www.europesays.com\/de\/wp-json\/wp\/v2\/categories?post=657762"},{"taxonomy":"post_tag","embeddable":true,"href":"https:\/\/www.europesays.com\/de\/wp-json\/wp\/v2\/tags?post=657762"}],"curies":[{"name":"wp","href":"https:\/\/api.w.org\/{rel}","templated":true}]}}