{"id":657785,"date":"2025-12-19T16:23:15","date_gmt":"2025-12-19T16:23:15","guid":{"rendered":"https:\/\/www.europesays.com\/de\/657785\/"},"modified":"2025-12-19T16:23:15","modified_gmt":"2025-12-19T16:23:15","slug":"gekappte-zugverbindung-warum-bei-der-rb-20-jetzt-ein-umstieg-noetig-ist","status":"publish","type":"post","link":"https:\/\/www.europesays.com\/de\/657785\/","title":{"rendered":"Gekappte Zugverbindung: Warum bei der RB 20 jetzt ein Umstieg n\u00f6tig ist"},"content":{"rendered":"<p class=\"text\">\nDie RB 20 verkehrte bislang durch Th\u00fcringen, Sachsen-Anhalt und Sachsen. Als Nahverkehr auf 175 Kilometern &#8211; schon das ist etwas paradox.\n<\/p>\n<p class=\"text\">\nBestellt wird der Schienenpersonennahverkehr zwar in Absprache miteinander, aber am Ende doch getrennt &#8211; durch das Th\u00fcringer Landesamt f\u00fcr Bau und Verkehr (TLBV), die Nahverkehrsservice Sachsen-Anhalt GmbH (NASA) und den Zweckverband f\u00fcr den Nahverkehrsraum Leipzig (ZVNL).\n<\/p>\n<blockquote>\n<p class=\"text\">Mit dieser Linien\u00e4nderung haben die Aufgabentr\u00e4ger in Sachsen-Anhalt und im Nahverkehrsraum Leipzig leider eine andere Entscheidung getroffen als die, die wir aus Th\u00fcringer Sicht favorisieren.<\/p>\n<p>Stellungnahme Th\u00fcringer Landesamt f\u00fcr Bau und Verkehr<\/p>\n<\/blockquote>\n<p><strong>Der neue S-Bahn-Knoten Naumburg<\/strong><\/p>\n<blockquote>\n<p class=\"text\">Da die Nahverkehrsnachfrage \u00f6stlich von Naumburg zunehmend stark auf Leipzig und westlich von Naumburg zunehmend stark auf Erfurt ausgerichtet ist, ist Naumburg ein verkehrlich gut geeigneter Umsteigepunkt.<\/p>\n<p>Stellungnahme NASA Sachsen-Anhalt<\/p>\n<\/blockquote>\n<p class=\"text\">\nDie Lage von Naumburg mag f\u00fcr solche Pl\u00e4ne ideal erscheinen, gleichwohl der Bahnhof ist es nicht, so die Einsch\u00e4tzung von Olaf Behr, Vorsitzender vom Fahrgastverband Pro Bahn Th\u00fcringen.\n<\/p>\n<p class=\"text\">\nEs ist n\u00e4mlich nicht so, dass die Fahrg\u00e4ste auf dem gleichen Bahnsteig von der RB20 in die S6 wechseln k\u00f6nnten und umgekehrt. Auch zu hochfrequenten Zeiten tauschen zwei Z\u00fcge stattdessen die Passagiere \u00fcber Treppe oder Aufzug abw\u00e4rts, eine enge Unterf\u00fchrung und Treppe oder Aufzug wieder aufw\u00e4rts aus.\n<\/p>\n<p class=\"text\">\nZeitfenster: wenige Minuten. Ein Problem ist das vor allem f\u00fcr mobilit\u00e4tseingeschr\u00e4nkte Menschen, Eltern mit Kindern oder Reisende mit Gep\u00e4ck.\n<\/p>\n<blockquote>\n<p class=\"text\">Wenn dort regelm\u00e4\u00dfig mehrere Hundert Fahrg\u00e4ste gleichzeitig umsteigen m\u00fcssen, ist das eine extrem ung\u00fcnstige Situation.<\/p>\n<p>Olaf Behr, Pro Bahn Th\u00fcringen<\/p>\n<\/blockquote>\n<p class=\"text\">\nHinzu kommt: Die Z\u00fcge warten nicht zuverl\u00e4ssig aufeinander, weil sie an die jeweiligen <a href=\"https:\/\/www.mdr.de\/nachrichten\/sachsen-anhalt\/neuer-fahrplan-bahn-106.html\" title=\"Neuer Fahrplan der Bahn f\u00fcr 2026: Magdeburg verliert, Halle profitiert\" rel=\"nofollow noopener\" target=\"_blank\">ICE-Knotenpunkte Leipzig und Erfurt<\/a> angebunden sind. Im Zweifelsfall erreichen dann die RB 20 oder die S6 den ICE in Erfurt beziehungsweise Leipzig vielleicht sogar p\u00fcnktlich, aber ohne ihre Passagiere, wenn es ein beteiligter Zug nicht rechtzeitig bis Naumburg geschafft hat.\n<\/p>\n<p class=\"text\">\nDas war in der ersten Woche h\u00e4ufig so, sagt Olaf Behr, r\u00e4umt aber ein, dass das nach einer solchen Umstellung &#8222;normal&#8220; sei.\n<\/p>\n<p><strong>Wie der City-Tunnel Leipzig bis nach Th\u00fcringen wirkt<\/strong><\/p>\n<p class=\"text\">\nDer Zweckverband f\u00fcr den Nahverkehrsraum Leipzig verweist auf den vielfachen Wunsch aus der Naumburger Burgenland-Region, dass die Fahrg\u00e4ste der S6 <a href=\"https:\/\/www.mdr.de\/nachrichten\/sachsen\/leipzig\/leipzig-leipzig-land\/polizei-rettungskraefte-uebung-citytunnel-sperrung-100.html\" title=\"Leipzig: City-Tunnel nach Einsatz\u00fcbung wieder frei\" rel=\"nofollow noopener\" target=\"_blank\">durch den Leipziger City-Tunnel<\/a> ohne Umstieg Stationen der Leipziger Innenstadt wie Markt, Universit\u00e4tsklinikum oder MDR erreichen k\u00f6nnen. Das sei mit einem aus Th\u00fcringen kommenden Regionalzug so nicht m\u00f6glich gewesen.\n<\/p>\n<p class=\"text\">\nWobei die Frage erlaubt ist, warum den Reisenden aus Th\u00fcringen ein Umstieg in Naumburg zugemutet wird, den Reisenden aus dem Burgenlandkreis im Leipziger Hauptbahnhof jedoch nicht.\n<\/p>\n<blockquote>\n<p class=\"text\">Eine Fortf\u00fchrung der Linie RB 20 war nicht m\u00f6glich. Es sollte die Linie in den City-Tunnel Leipzig eingebunden werden &#8211; mit dem Fahrzeugbestand des bisherigen Netzes und vergaberechtlich war das nicht machbar.<\/p>\n<p>Stellungnahme ZVNL Sachsen<\/p>\n<\/blockquote>\n<p><strong>Und dann scheitert auch noch der Fernverkehr<\/strong><\/p>\n<p class=\"text\">\nF\u00fcr Pro Bahn liegen die Ursachen f\u00fcr das Dilemma noch etwas tiefer, weshalb sich in den kommenden Jahren das St\u00fcckwerk auf regionalen Bahnstrecken noch verst\u00e4rken wird. Schuld sei das Fernverkehrskonzept der Berliner Politik, wonach der Fernverkehr eigenwirtschaftlich sein muss, sagt Olaf Behr.\n<\/p>\n<p class=\"text\">\nDie Folge: Die ICE und die Sprinter dr\u00e4ngeln sich geradezu auf den lukrativen Schnellfahrstrecken. Auf den anderen Strecken, wie eben der alten 600er-Reichsbahn-Hauptstecke von Eisenach nach Leipzig oder der Strecke von Halle\/Leipzig \u00fcber Jena nach Saalfeld oder der von Glauchau bis hinauf nach G\u00f6ttingen, \u00fcbernahm der Nahverkehr schon lange die Kern-Aufgabe eines Fernverkehrs und verhebt sich daran. Weitere Br\u00fcche durchgehender Verbindungen werden deshalb folgen.\n<\/p>\n<blockquote>\n<p class=\"text\">Der Nahverkehr ist regional zersplittert organisiert und der bringt solche schnellen, langlaufenden Verbindungen einfach nicht mehr zustande. Vor allem dann, wenn das Geld knapp ist. Und das ist ja hier der Fall in Mitteldeutschland.<\/p>\n<p>Olaf Behr, Pro Bahn Th\u00fcringen<\/p>\n<\/blockquote>\n","protected":false},"excerpt":{"rendered":"Die RB 20 verkehrte bislang durch Th\u00fcringen, Sachsen-Anhalt und Sachsen. Als Nahverkehr auf 175 Kilometern &#8211; schon das&hellip;\n","protected":false},"author":2,"featured_media":657786,"comment_status":"","ping_status":"","sticky":false,"template":"","format":"standard","meta":{"footnotes":""},"categories":[1832],"tags":[56359,3364,29,14303,30,71,81,14,64550,57748,1949,859,860,861,103,2036],"class_list":{"0":"post-657785","1":"post","2":"type-post","3":"status-publish","4":"format-standard","5":"has-post-thumbnail","7":"category-leipzig","8":"tag-abellio","9":"tag-de","10":"tag-deutschland","11":"tag-fahrplan","12":"tag-germany","13":"tag-leipzig","14":"tag-mdr","15":"tag-nachrichten","16":"tag-redakteur","17":"tag-regionalzug","18":"tag-s-bahn","19":"tag-sachsen","20":"tag-sachsen-anhalt","21":"tag-thueringen","22":"tag-welt","23":"tag-zug"},"share_on_mastodon":{"url":"https:\/\/pubeurope.com\/@de\/115747160562539542","error":""},"_links":{"self":[{"href":"https:\/\/www.europesays.com\/de\/wp-json\/wp\/v2\/posts\/657785","targetHints":{"allow":["GET"]}}],"collection":[{"href":"https:\/\/www.europesays.com\/de\/wp-json\/wp\/v2\/posts"}],"about":[{"href":"https:\/\/www.europesays.com\/de\/wp-json\/wp\/v2\/types\/post"}],"author":[{"embeddable":true,"href":"https:\/\/www.europesays.com\/de\/wp-json\/wp\/v2\/users\/2"}],"replies":[{"embeddable":true,"href":"https:\/\/www.europesays.com\/de\/wp-json\/wp\/v2\/comments?post=657785"}],"version-history":[{"count":0,"href":"https:\/\/www.europesays.com\/de\/wp-json\/wp\/v2\/posts\/657785\/revisions"}],"wp:featuredmedia":[{"embeddable":true,"href":"https:\/\/www.europesays.com\/de\/wp-json\/wp\/v2\/media\/657786"}],"wp:attachment":[{"href":"https:\/\/www.europesays.com\/de\/wp-json\/wp\/v2\/media?parent=657785"}],"wp:term":[{"taxonomy":"category","embeddable":true,"href":"https:\/\/www.europesays.com\/de\/wp-json\/wp\/v2\/categories?post=657785"},{"taxonomy":"post_tag","embeddable":true,"href":"https:\/\/www.europesays.com\/de\/wp-json\/wp\/v2\/tags?post=657785"}],"curies":[{"name":"wp","href":"https:\/\/api.w.org\/{rel}","templated":true}]}}