{"id":657787,"date":"2025-12-19T16:24:19","date_gmt":"2025-12-19T16:24:19","guid":{"rendered":"https:\/\/www.europesays.com\/de\/657787\/"},"modified":"2025-12-19T16:24:19","modified_gmt":"2025-12-19T16:24:19","slug":"kevin-kampl-verlaesst-klub-nach-tod-seines-bruders","status":"publish","type":"post","link":"https:\/\/www.europesays.com\/de\/657787\/","title":{"rendered":"Kevin Kampl verl\u00e4sst Klub nach Tod seines Bruders"},"content":{"rendered":"<p>Nach pl\u00f6tzlichem Tod seines Bruders <\/p>\n<p>Leipzig-Profi Kampl verl\u00e4sst RB sofort<\/p>\n<p>19.12.2025 &#8211; 17:16 UhrLesedauer: 2 Min.<\/p>\n<p><a href=\"#focus-0\" class=\"transition-colors duration-200 block text-current relative\" data-sctrack=\"FocusGalleryImage.Reference\"><img fetchpriority=\"high\" data-testid=\"Opener.Image\" style=\"--lqipURL:url('https:\/\/images.t-online.de\/2025\/12\/ec0EhwYCczY3\/0x33:3810x2143\/fit-in\/150x0\/filters:blur(25)\/20-092025-xtgx-fussball-1-bundesliga-rb-leipzig-1-fc-koeln-emspor-v-l-kevin-kampl-leipzig-44-portrait-portraet-einzelbild-dfl-dfb-regulations-prohibit-any-use-of-photographs-as-image-sequences-and-or-quasi-video-leipzig-20-09-2025-xtgx-soccer-1-bundesliga-rb-leipzig-1-fc-koeln-emspor-v-l-kevin-kampl-leipzig-44-portrait-portraet-einzelbild-dfl-dfb-regulations-prohibit-any-use-of-photographs-as-image-sequences-and-or-quasi-video-leipzig.jpg')\"   loading=\"eager\" src=\"https:\/\/www.europesays.com\/de\/wp-content\/uploads\/2025\/12\/20-092025-xtgx-fussball-1-bundesliga-rb-leipzig-1-fc-koeln-emspor-v-l-kevin-kampl-leipzig-44-portrai.jpeg\" alt=\"imago images 1066738279\" title=\"imago images 1066738279\" width=\"3810\" height=\"2143\" class=\"bg-[url:var(--lqipURL)] bg-cover bg-center flex h-full w-full max-w-full\" decoding=\"async\"\/><img style=\"--width:32;--height:32\" loading=\"lazy\" src=\"https:\/\/www.t-online.de\/s\/paper\/_next\/static\/media\/zoom-in.f7dae02f.svg\" alt=\"Vergr\u00f6\u00dfern des Bildes\" title=\"Vergr\u00f6\u00dfern des Bildes\" class=\"block h-[calc(var(--height)_\/_16_*_1rem)] w-[calc(var(--width)_\/_16_*_1rem)] max-w-none absolute bottom-8 right-8 rounded-4 bg-snow p-8\" decoding=\"async\"\/><\/a><\/p>\n<p>Kevin Kampl kam 2017 f\u00fcr 20 Millionen Euro von Bayer Leverkusen zu RB Leipzig. Nun endet seine Zeit dort abrupt. (Quelle: IMAGO\/Michael Taeger\/imago)<\/p>\n<p class=\"font-bold text-18 leading-17\">Bei RB Leipzig z\u00e4hlte Kevin Kampl seit Jahren zu den festen St\u00fctzen. Ein pers\u00f6nlicher Schicksalsschlag f\u00fchrt nun dazu, dass er vorerst keinen Profifu\u00dfball mehr spielen wird.<\/p>\n<p class=\"text-18 leading-17\">Nach mehr als acht Jahren endet die Zeit von <a class=\"transition-colors duration-200 cursor-pointer text-inherit no-underline text-salemsfur md:hover:text-magenta md:hover:border-magenta md:focus:text-magenta border-current border-b border-solid break-words\" href=\"https:\/\/www.t-online.de\/themen\/kevin-kampl\/\" data-sctrack=\"BodyAnchor\" rel=\"nofollow noopener\" target=\"_blank\">Kevin Kampl<\/a> bei <a class=\"transition-colors duration-200 cursor-pointer text-inherit no-underline text-salemsfur md:hover:text-magenta md:hover:border-magenta md:focus:text-magenta border-current border-b border-solid break-words\" href=\"https:\/\/www.t-online.de\/themen\/rb-leipzig\/\" data-sctrack=\"BodyAnchor\" rel=\"nofollow noopener\" target=\"_blank\">RB Leipzig<\/a> offenbar. Nach einem Bericht der &#8222;Bild&#8220;-Zeitung verl\u00e4sst der Mittelfeldspieler den Bundesligisten mit sofortiger Wirkung \u2013 aus famili\u00e4ren Gr\u00fcnden.<\/p>\n<p class=\"text-18 leading-17\">Kampl habe sich entschieden, den Klub vorzeitig zu verlassen, um sich ganz seiner Familie zu widmen. Hintergrund ist der pl\u00f6tzliche Tod seines Bruders Seki, der vor wenigen Wochen im Alter von 51 Jahren verstorben ist. Seitdem war Kampl vom Verein freigestellt und trainierte nur noch individuell.<\/p>\n<p class=\"text-18 leading-17\">Der 35-J\u00e4hrige kehrt laut &#8222;Bild&#8220; nun in seine Heimatstadt Solingen in Nordrhein-Westfalen zur\u00fcck. Auch seine Eltern und weiteren Br\u00fcder leben dort. Bereits seit drei Wochen halte sich Kampl nicht mehr in Leipzig auf. Am Donnerstag seien zudem Umzugswagen an seinem Haus im Leipziger Umland eingetroffen.<\/p>\n<p class=\"text-18 leading-17\">Kampl besitzt noch einen Vertrag bis Sommer 2026. Nach Informationen der &#8222;Bild&#8220; laufen aktuell Gespr\u00e4che \u00fcber eine Vertragsaufl\u00f6sung. Eine Einigung gilt demnach als wahrscheinlich.<\/p>\n<p class=\"text-18 leading-17\">Seit seinem Wechsel im Sommer 2017 hat Kampl 283 Pflichtspiele f\u00fcr RB Leipzig absolviert. Dabei erzielte er zehn Tore und bereitete 23 weitere vor. Zweimal gewann er mit Leipzig den DFB-Pokal.<\/p>\n<p class=\"text-18 leading-17\">In der laufenden Saison spielte Kampl sportlich keine Rolle mehr. Er kam nur auf drei Kurzeins\u00e4tze mit jeweils einer Minute, zuletzt Ende September beim 1:0-Sieg in Wolfsburg.<\/p>\n<p class=\"text-18 leading-17\">Ob er seine Karriere ganz beendet, ist wohl noch offen. Laut &#8222;Bild&#8220; ist auch eine l\u00e4ngere Pause mit anschlie\u00dfendem Wechsel in eine unterklassige Liga nicht ausgeschlossen.<\/p>\n","protected":false},"excerpt":{"rendered":"Nach pl\u00f6tzlichem Tod seines Bruders Leipzig-Profi Kampl verl\u00e4sst RB sofort 19.12.2025 &#8211; 17:16 UhrLesedauer: 2 Min. Kevin Kampl&hellip;\n","protected":false},"author":2,"featured_media":657788,"comment_status":"","ping_status":"","sticky":false,"template":"","format":"standard","meta":{"footnotes":""},"categories":[1832],"tags":[722,2367,9492,3364,29,30,13639,71,23873,1655,859,50807],"class_list":{"0":"post-657787","1":"post","2":"type-post","3":"status-publish","4":"format-standard","5":"has-post-thumbnail","7":"category-leipzig","8":"tag-722","9":"tag-bayer-04-leverkusen","10":"tag-bild-zeitung","11":"tag-de","12":"tag-deutschland","13":"tag-germany","14":"tag-kevin-kampl","15":"tag-leipzig","16":"tag-profifussball","17":"tag-rb-leipzig","18":"tag-sachsen","19":"tag-schicksalsschlag"},"share_on_mastodon":{"url":"https:\/\/pubeurope.com\/@de\/115747165283527143","error":""},"_links":{"self":[{"href":"https:\/\/www.europesays.com\/de\/wp-json\/wp\/v2\/posts\/657787","targetHints":{"allow":["GET"]}}],"collection":[{"href":"https:\/\/www.europesays.com\/de\/wp-json\/wp\/v2\/posts"}],"about":[{"href":"https:\/\/www.europesays.com\/de\/wp-json\/wp\/v2\/types\/post"}],"author":[{"embeddable":true,"href":"https:\/\/www.europesays.com\/de\/wp-json\/wp\/v2\/users\/2"}],"replies":[{"embeddable":true,"href":"https:\/\/www.europesays.com\/de\/wp-json\/wp\/v2\/comments?post=657787"}],"version-history":[{"count":0,"href":"https:\/\/www.europesays.com\/de\/wp-json\/wp\/v2\/posts\/657787\/revisions"}],"wp:featuredmedia":[{"embeddable":true,"href":"https:\/\/www.europesays.com\/de\/wp-json\/wp\/v2\/media\/657788"}],"wp:attachment":[{"href":"https:\/\/www.europesays.com\/de\/wp-json\/wp\/v2\/media?parent=657787"}],"wp:term":[{"taxonomy":"category","embeddable":true,"href":"https:\/\/www.europesays.com\/de\/wp-json\/wp\/v2\/categories?post=657787"},{"taxonomy":"post_tag","embeddable":true,"href":"https:\/\/www.europesays.com\/de\/wp-json\/wp\/v2\/tags?post=657787"}],"curies":[{"name":"wp","href":"https:\/\/api.w.org\/{rel}","templated":true}]}}