{"id":657795,"date":"2025-12-19T16:28:13","date_gmt":"2025-12-19T16:28:13","guid":{"rendered":"https:\/\/www.europesays.com\/de\/657795\/"},"modified":"2025-12-19T16:28:13","modified_gmt":"2025-12-19T16:28:13","slug":"stuttgart-holt-stuermer-arevalo","status":"publish","type":"post","link":"https:\/\/www.europesays.com\/de\/657795\/","title":{"rendered":"Stuttgart holt St\u00fcrmer Ar\u00e9valo"},"content":{"rendered":"<p>Der VfB Stuttgart steht kurz davor, seine seit l\u00e4ngerer Zeit gesuchte Verst\u00e4rkung f\u00fcr die Offensive an Land zu ziehen. Nach BILD-Informationen befindet sich Jeremy Ar\u00e9valo unmittelbar vor einem Wechsel von Racing Santander zu den Schwaben.<\/p>\n<p>Der 20-j\u00e4hrige Mittelst\u00fcrmer soll im Winter verpflichtet werden, um nachtr\u00e4glich die L\u00fccke zu schlie\u00dfen, die nach dem Abgang von Nick Woltemade zum Newcastle United FC entstanden ist. Bereits im Sommer hatte VfB-Trainer Sebastian Hoene\u00df auf zus\u00e4tzlichen Bedarf im Sturmzentrum hingewiesen, ein Transfer konnte damals aus zeitlichen Gr\u00fcnden jedoch nicht mehr realisiert werden. Nun scheint Stuttgart ein halbes Jahr sp\u00e4ter f\u00fcndig geworden zu sein.<\/p>\n<p>Ar\u00e9valo besitzt bei Racing Santander, Tabellenf\u00fchrer der spanischen zweiten Liga, noch einen Vertrag bis 2027, in dem eine Ausstiegsklausel \u00fcber 7 Millionen Euro verankert ist. Genau zu diesen Konditionen soll der Wechsel laut dem Bericht kurz vor dem Abschluss stehen. Der VfB hatte den Angreifer schon l\u00e4nger auf dem Zettel, auch Klubs wie der RC Stra\u00dfburg und die AS Rom sollen interessiert gewesen sein.<\/p>\n<p>Sportlich bringt Ar\u00e9valo ein spannendes Profil mit: Der robuste, zugleich technisch starke St\u00fcrmer kommt in der laufenden Saison auf sieben Treffer in 17 Ligaspielen und ist ein wichtiger Faktor f\u00fcr den bisherigen Erfolg Santanders. Zudem feierte der in Spanien geborene Angreifer Mitte November sein L\u00e4nderspieldeb\u00fct f\u00fcr Ecuador.<\/p>\n<p>F\u00fcr Stuttgart w\u00e4re Ar\u00e9valo damit nicht nur eine kurzfristige L\u00f6sung, sondern auch ein entwicklungsf\u00e4higer Angreifer mit Perspektive.<\/p>\n<p><\/p>\n","protected":false},"excerpt":{"rendered":"Der VfB Stuttgart steht kurz davor, seine seit l\u00e4ngerer Zeit gesuchte Verst\u00e4rkung f\u00fcr die Offensive an Land zu&hellip;\n","protected":false},"author":2,"featured_media":657796,"comment_status":"","ping_status":"","sticky":false,"template":"","format":"standard","meta":{"footnotes":""},"categories":[1830],"tags":[4808,31078,1634,2217,3364,29,347,30,135511,15,5422,265,924,1441,1288,2627,5421],"class_list":{"0":"post-657795","1":"post","2":"type-post","3":"status-publish","4":"format-standard","5":"has-post-thumbnail","7":"category-stuttgart","8":"tag-1-bundesliga","9":"tag-2025-26","10":"tag-baden-wuerttemberg","11":"tag-bilanz","12":"tag-de","13":"tag-deutschland","14":"tag-fussball","15":"tag-germany","16":"tag-jeremy-arevalo","17":"tag-news","18":"tag-quote","19":"tag-sport","20":"tag-statistik","21":"tag-stuttgart","22":"tag-transfers","23":"tag-verletzungen","24":"tag-wechsel"},"share_on_mastodon":{"url":"https:\/\/pubeurope.com\/@de\/115747180067872650","error":""},"_links":{"self":[{"href":"https:\/\/www.europesays.com\/de\/wp-json\/wp\/v2\/posts\/657795","targetHints":{"allow":["GET"]}}],"collection":[{"href":"https:\/\/www.europesays.com\/de\/wp-json\/wp\/v2\/posts"}],"about":[{"href":"https:\/\/www.europesays.com\/de\/wp-json\/wp\/v2\/types\/post"}],"author":[{"embeddable":true,"href":"https:\/\/www.europesays.com\/de\/wp-json\/wp\/v2\/users\/2"}],"replies":[{"embeddable":true,"href":"https:\/\/www.europesays.com\/de\/wp-json\/wp\/v2\/comments?post=657795"}],"version-history":[{"count":0,"href":"https:\/\/www.europesays.com\/de\/wp-json\/wp\/v2\/posts\/657795\/revisions"}],"wp:featuredmedia":[{"embeddable":true,"href":"https:\/\/www.europesays.com\/de\/wp-json\/wp\/v2\/media\/657796"}],"wp:attachment":[{"href":"https:\/\/www.europesays.com\/de\/wp-json\/wp\/v2\/media?parent=657795"}],"wp:term":[{"taxonomy":"category","embeddable":true,"href":"https:\/\/www.europesays.com\/de\/wp-json\/wp\/v2\/categories?post=657795"},{"taxonomy":"post_tag","embeddable":true,"href":"https:\/\/www.europesays.com\/de\/wp-json\/wp\/v2\/tags?post=657795"}],"curies":[{"name":"wp","href":"https:\/\/api.w.org\/{rel}","templated":true}]}}