{"id":657821,"date":"2025-12-19T16:44:16","date_gmt":"2025-12-19T16:44:16","guid":{"rendered":"https:\/\/www.europesays.com\/de\/657821\/"},"modified":"2025-12-19T16:44:16","modified_gmt":"2025-12-19T16:44:16","slug":"haseloff-vertrauen-in-politik-muss-in-berlin-zurueckgewonnen-werden","status":"publish","type":"post","link":"https:\/\/www.europesays.com\/de\/657821\/","title":{"rendered":"Haseloff: Vertrauen in Politik muss in Berlin zur\u00fcckgewonnen werden"},"content":{"rendered":"<p class=\"text\">\nSeit 2011 ist der CDU-Politiker im Amt. Als Deutschlands dienst\u00e4ltester Ministerpr\u00e4sident erlebt er die inzwischen f\u00fcnfte Bundesregierung. Auch er hat gro\u00dfe Erwartungen an schwarz-rot in Berlin. Erste Effekte seien sp\u00fcrbar, sie seien im Entstehen sagt er. Aber: &#8222;Es m\u00fcssen noch viele Dinge hinzukommen, damit wir aus dem Rauschen, was die Ergebnisse anbelangt, herauskommen. Das hei\u00dft, dass wir wirklich merkbar, sowohl auf der Stromrechnung, als auch auf der Gasrechnung, aber auch was die Arbeitsplatzsicherheit anbelangt, Effekte sehen.&#8220;<\/p>\n","protected":false},"excerpt":{"rendered":"Seit 2011 ist der CDU-Politiker im Amt. Als Deutschlands dienst\u00e4ltester Ministerpr\u00e4sident erlebt er die inzwischen f\u00fcnfte Bundesregierung. Auch&hellip;\n","protected":false},"author":2,"featured_media":657822,"comment_status":"","ping_status":"","sticky":false,"template":"","format":"standard","meta":{"footnotes":""},"categories":[1825],"tags":[296,29,30,81,6211,860],"class_list":{"0":"post-657821","1":"post","2":"type-post","3":"status-publish","4":"format-standard","5":"has-post-thumbnail","7":"category-berlin","8":"tag-berlin","9":"tag-deutschland","10":"tag-germany","11":"tag-mdr","12":"tag-regionalportal","13":"tag-sachsen-anhalt"},"share_on_mastodon":{"url":"https:\/\/pubeurope.com\/@de\/115747242960541889","error":""},"_links":{"self":[{"href":"https:\/\/www.europesays.com\/de\/wp-json\/wp\/v2\/posts\/657821","targetHints":{"allow":["GET"]}}],"collection":[{"href":"https:\/\/www.europesays.com\/de\/wp-json\/wp\/v2\/posts"}],"about":[{"href":"https:\/\/www.europesays.com\/de\/wp-json\/wp\/v2\/types\/post"}],"author":[{"embeddable":true,"href":"https:\/\/www.europesays.com\/de\/wp-json\/wp\/v2\/users\/2"}],"replies":[{"embeddable":true,"href":"https:\/\/www.europesays.com\/de\/wp-json\/wp\/v2\/comments?post=657821"}],"version-history":[{"count":0,"href":"https:\/\/www.europesays.com\/de\/wp-json\/wp\/v2\/posts\/657821\/revisions"}],"wp:featuredmedia":[{"embeddable":true,"href":"https:\/\/www.europesays.com\/de\/wp-json\/wp\/v2\/media\/657822"}],"wp:attachment":[{"href":"https:\/\/www.europesays.com\/de\/wp-json\/wp\/v2\/media?parent=657821"}],"wp:term":[{"taxonomy":"category","embeddable":true,"href":"https:\/\/www.europesays.com\/de\/wp-json\/wp\/v2\/categories?post=657821"},{"taxonomy":"post_tag","embeddable":true,"href":"https:\/\/www.europesays.com\/de\/wp-json\/wp\/v2\/tags?post=657821"}],"curies":[{"name":"wp","href":"https:\/\/api.w.org\/{rel}","templated":true}]}}