{"id":657990,"date":"2025-12-19T18:29:17","date_gmt":"2025-12-19T18:29:17","guid":{"rendered":"https:\/\/www.europesays.com\/de\/657990\/"},"modified":"2025-12-19T18:29:17","modified_gmt":"2025-12-19T18:29:17","slug":"was-im-wehrdienst-fragebogen-steht-tagesschau-de","status":"publish","type":"post","link":"https:\/\/www.europesays.com\/de\/657990\/","title":{"rendered":"Was im Wehrdienst-Fragebogen steht | tagesschau.de"},"content":{"rendered":"<p>            <img loading=\"lazy\" decoding=\"async\" class=\"ts-image\" src=\"https:\/\/www.europesays.com\/de\/wp-content\/uploads\/2025\/12\/soldaten-wald-100.jpg\" alt=\"Soldaten besprechen sich in einem Wald.\" title=\"Soldaten besprechen sich in einem Wald. | dpa\"\/><\/p>\n<p>                    <strong>faq<\/strong><\/p>\n<p class=\"metatextline\">Stand: 19.12.2025 18:02 Uhr<\/p>\n<p class=\"article-head__shorttext\">\n        <strong>Der neue Wehrdienst ist beschlossen. Wer n\u00e4chstes Jahr 18 wird, bekommt Post und muss sich mit der Frage auseinandersetzen: Bin ich bereit, Wehrdienst zu leisten? Grundlage ist ein digitaler Fragebogen, der nun vorliegt. <\/strong>\n    <\/p>\n<p>                                    <a class=\"authorline__link\" href=\"https:\/\/www.tagesschau.de\/korrespondenten\/gabor-halasz-103.html\" target=\"_blank\" rel=\"noopener\"><br \/>\n                                        <img decoding=\"async\" class=\"authorline__img\" alt=\"Gabor Halasz\" src=\"https:\/\/www.europesays.com\/de\/wp-content\/uploads\/2025\/12\/gabor-halasz-105.jpg\"\/><br \/>\n                                    <\/a><\/p>\n<p>    Wann geht es los, und wer bekommt den Fragebogen?<\/p>\n<p class=\"textabsatz m-ten m-offset-one l-eight l-offset-two columns twelve\">Etwa Mitte Januar d\u00fcrften die ersten Briefe eintrudeln bei denen, die kommendes Jahr 18 werden, also im Jahr 2008 geboren sind. Das Verfahren l\u00e4uft erstmal \u00fcber die Post, denn der Staat hat die Meldeadressen, aber nicht die Mailadressen. In dem Brief ist dann aber ein QR-Code abgedruckt, und der f\u00fchrt zum Fragebogen. Von da an l\u00e4uft alles digital, zum Beispiel \u00fcber das Handy.<\/p>\n<p class=\"textabsatz m-ten m-offset-one l-eight l-offset-two columns twelve\">In dem Brief steht auch klar: Der Wehrdienst ist freiwillig und es ist auch m\u00f6glich, sich zivil zu engagieren.<\/p>\n<p>    Was wird im Fragebogen gefragt?<\/p>\n<p class=\"textabsatz m-ten m-offset-one l-eight l-offset-two columns twelve\">Name und Anschrift hat der Staat, das ist also schon ausgef\u00fcllt. Dann muss jeder seine Mailadresse angeben. Dann geht es um den Stand der Schulbildung und die Frage, ob bereits eine Berufsausbildung absolviert wurde. Und auch nach dem F\u00fchrerschein wird gefragt. K\u00f6rpergr\u00f6\u00dfe, Gewicht und nat\u00fcrlich die k\u00f6rperliche Fitness sind ebenfalls ein Thema.<\/p>\n<p class=\"textabsatz m-ten m-offset-one l-eight l-offset-two columns twelve\">Das Wichtigste ist aber die Frage nach dem Interesse an der Bundeswehr. Da m\u00fcssen sich die jungen M\u00e4nner oder Frauen auf einer Skala zwischen 0 (gar kein Interesse) und 10 (gro\u00dfes Interesse) einordnen.<\/p>\n<p>    Muss ich den Fragebogen ausf\u00fcllen?<\/p>\n<p class=\"textabsatz m-ten m-offset-one l-eight l-offset-two columns twelve\">F\u00fcr Frauen ist es freiwillig &#8211; f\u00fcr M\u00e4nner nicht. Wenn junge M\u00e4nner den Fragebogen nicht ausf\u00fcllen, werden sie erinnert. Am Ende droht auch ein Bu\u00dfgeld. Denn den Fragebogen nicht auszuf\u00fcllen, gilt als eine Ordnungswidrigkeit.<\/p>\n<p class=\"textabsatz m-ten m-offset-one l-eight l-offset-two columns twelve\">Ebenso gravierend ist es, falsche Angaben zu machen. Also zum Beispiel &#8211; so hat es das Verteidigungsministerium erkl\u00e4rt &#8211; anzugeben, ich bin 1, 60 Meter gro\u00df und wiege 200 Kilogramm, und dann kommt bei der Musterung raus: Das stimmt gar nicht.<\/p>\n<p>    Ich habe den Fragebogen ausgef\u00fcllt. Wie geht es dann weiter?<\/p>\n<p class=\"textabsatz m-ten m-offset-one l-eight l-offset-two columns twelve\">Der Wehrdienst ist freiwillig. Jeder und jede kann also auch sagen: Ich habe kein Interesse. Und dann passiert auch erstmal nichts weiter. Es ist auch gut m\u00f6glich, dass die Bundeswehr am Anfang gar nicht alle einladen kann. Dann wird erstmal vorsortiert.<\/p>\n<p class=\"textabsatz m-ten m-offset-one l-eight l-offset-two columns twelve\">Wer also im Fragebogen beim Interesse eine 10 ausgew\u00e4hlt hat und lange bleiben will, wird wahrscheinlich schneller eingeladen. Am Anfang steht dann eine Musterung. Das darf man sich aber nicht mehr so vorstellen wie fr\u00fcher. Die Kreiswehrersatz\u00e4mter lagen ja oft weit drau\u00dfen und wirkten wie eine Kaserne. In Zukunft soll es 38 Musterungszentren geben. Diese sollen m\u00f6glichst gut erreichbar sein und zum Beispiel in Innenst\u00e4dten liegen. Da soll dann auch noch einmal f\u00fcr den Wehrdienst geworben werden.<\/p>\n","protected":false},"excerpt":{"rendered":"faq Stand: 19.12.2025 18:02 Uhr Der neue Wehrdienst ist beschlossen. Wer n\u00e4chstes Jahr 18 wird, bekommt Post und&hellip;\n","protected":false},"author":2,"featured_media":657991,"comment_status":"","ping_status":"","sticky":false,"template":"","format":"standard","meta":{"footnotes":""},"categories":[5],"tags":[13,127036,14,15,12,10,8,9,11,690],"class_list":{"0":"post-657990","1":"post","2":"type-post","3":"status-publish","4":"format-standard","5":"has-post-thumbnail","7":"category-nachrichten","8":"tag-headlines","9":"tag-musterung","10":"tag-nachrichten","11":"tag-news","12":"tag-schlagzeilen","13":"tag-top-news","14":"tag-top-meldungen","15":"tag-topmeldungen","16":"tag-topnews","17":"tag-wehrpflicht"},"share_on_mastodon":{"url":"https:\/\/pubeurope.com\/@de\/115747656326642409","error":""},"_links":{"self":[{"href":"https:\/\/www.europesays.com\/de\/wp-json\/wp\/v2\/posts\/657990","targetHints":{"allow":["GET"]}}],"collection":[{"href":"https:\/\/www.europesays.com\/de\/wp-json\/wp\/v2\/posts"}],"about":[{"href":"https:\/\/www.europesays.com\/de\/wp-json\/wp\/v2\/types\/post"}],"author":[{"embeddable":true,"href":"https:\/\/www.europesays.com\/de\/wp-json\/wp\/v2\/users\/2"}],"replies":[{"embeddable":true,"href":"https:\/\/www.europesays.com\/de\/wp-json\/wp\/v2\/comments?post=657990"}],"version-history":[{"count":0,"href":"https:\/\/www.europesays.com\/de\/wp-json\/wp\/v2\/posts\/657990\/revisions"}],"wp:featuredmedia":[{"embeddable":true,"href":"https:\/\/www.europesays.com\/de\/wp-json\/wp\/v2\/media\/657991"}],"wp:attachment":[{"href":"https:\/\/www.europesays.com\/de\/wp-json\/wp\/v2\/media?parent=657990"}],"wp:term":[{"taxonomy":"category","embeddable":true,"href":"https:\/\/www.europesays.com\/de\/wp-json\/wp\/v2\/categories?post=657990"},{"taxonomy":"post_tag","embeddable":true,"href":"https:\/\/www.europesays.com\/de\/wp-json\/wp\/v2\/tags?post=657990"}],"curies":[{"name":"wp","href":"https:\/\/api.w.org\/{rel}","templated":true}]}}