{"id":658421,"date":"2025-12-19T22:53:22","date_gmt":"2025-12-19T22:53:22","guid":{"rendered":"https:\/\/www.europesays.com\/de\/658421\/"},"modified":"2025-12-19T22:53:22","modified_gmt":"2025-12-19T22:53:22","slug":"olympia-2026-hoehere-medaillen-praemien-fuer-unsere-sportler-sport","status":"publish","type":"post","link":"https:\/\/www.europesays.com\/de\/658421\/","title":{"rendered":"Olympia 2026: H\u00f6here Medaillen-Pr\u00e4mien f\u00fcr unsere Sportler | Sport"},"content":{"rendered":"<p><b>Im Februar geht es in Italien wieder um Gold, Silber und Bronze. Bei Winterspielen geh\u00f6rt Deutschland fast traditionell zu den besten Nationen. Damit das so bleibt, wird jetzt auch ein h\u00f6herer finanzieller Anreiz f\u00fcr die Spitzenleistungen geschaffen!<\/b><\/p>\n<p>Die Deutsche Sporthilfe erh\u00f6ht die Pr\u00e4mien deutlich. F\u00fcr Gold gibt es jetzt 30.000 Euro (vorher 20.000 Euro), f\u00fcr Silber 20.000 Euro (vorher 15.000 Euro) und f\u00fcr Bronze wie bisher 10.000 Euro. <\/p>\n<p><b>Fast noch wichtiger aber: Die Pr\u00e4mien sind jetzt von der Steuer befreit. Einem entsprechenden Gesetz stimmte am Freitag der Bundesrat zu. Unterm Strich d\u00fcrften zumindest Gold- und Silbermedaillen-Gewinner so etwa das Doppelte einstreichen.<\/b><\/p>\n<p>Mehr zum Thema<\/p>\n<p><b>Sporthilfe-Vorstand Max Hartung: \u201eWir bedanken uns im Namen der gef\u00f6rderten Athletinnen und Athleten bei unseren Partnern in der Bundesregierung, den Landesregierungen und vor allem den Abgeordneten des Deutschen Bundestags f\u00fcr die Entscheidung, die Sporthilfe-Medaillenpr\u00e4mien steuerfrei zu stellen.\u201c<\/b><\/p>\n<p>Sportler beklagten in der Vergangenheit, dass durch Abgaben von der Pr\u00e4mie teilweise mehr als die H\u00e4lfte aufgefressen wurde. Deutschland gilt im internationalen Vergleich dabei ohnehin schon nicht als besonders spendabel. In anderen L\u00e4ndern gehen die Gold-Versprechen sogar bis in den mittleren sechsstelligen Bereich. Bayerns Ministerpr\u00e4sident Markus S\u00f6der hat vor einem Jahr deshalb bereits beschlossen, dass die Sporthilfe-Summen f\u00fcr bayerische Sportler verdoppelt werden.<\/p>\n<p>Mit Ski Aggu Brille: Skurriler WM-Auftritt begeistert die Fans<a class=\"anchor video-teaser__anchor\" href=\"https:\/\/www.bild.de\/sport\/mehr-sport\/ski-aggu-bei-der-darts-wm-skurriler-brillen-auftritt-begeistert-fans-6945a9aaba368aa01269e6ae\" target=\"_blank\" rel=\"noopener\"><img decoding=\"async\" width=\"992\" height=\"558\" alt=\"\" src=\"https:\/\/www.europesays.com\/de\/wp-content\/uploads\/2025\/12\/24172472474c50ac04eba179f017afd8,6adf4336\"   class=\"landscape teaser__image\" loading=\"lazy\"\/><\/a><\/p>\n<p>Quelle: DAZN19.12.2025<\/p>\n<p>Vor vier Jahren bei <a href=\"https:\/\/www.bild.de\/sport\/olympia\/olympia\/startseite-olympische-spiele-54193140.bild.html\" class=\"text-link\" target=\"_blank\" rel=\"noopener\">Winter-Olympia<\/a> in Peking holte Team Deutschland insgesamt 12 Goldmedaillen, 10 Silbermedaillen und 3 Bronzemedaillen. Im internationalen Vergleich wurde Deutschland mit der Ausbeute Zweiter hinter Norwegen. Ein \u00e4hnliches Ergebnis wird auch f\u00fcr die Spiele in Mailand und Cortina angestrebt. Vor allem bei den Wettbewerben im Eiskanal (Bob, Rodeln, Skeleton) geh\u00f6ren die deutschen Sportlerinnen und Sportler fast in allen Disziplinen zu den absoluten Top-Favoriten.<\/p>\n","protected":false},"excerpt":{"rendered":"Im Februar geht es in Italien wieder um Gold, Silber und Bronze. Bei Winterspielen geh\u00f6rt Deutschland fast traditionell&hellip;\n","protected":false},"author":2,"featured_media":658422,"comment_status":"","ping_status":"","sticky":false,"template":"","format":"standard","meta":{"footnotes":""},"categories":[136],"tags":[1263,29,30,656,89777,265,1470,1576,45,864],"class_list":{"0":"post-658421","1":"post","2":"type-post","3":"status-publish","4":"format-standard","5":"has-post-thumbnail","7":"category-sport","8":"tag-aufmacher-bereich","9":"tag-deutschland","10":"tag-germany","11":"tag-olympia","12":"tag-olympia-team-deutschland","13":"tag-sport","14":"tag-sport-leuchtturm-muenchen","15":"tag-super-a-teaser","16":"tag-texttospeech","17":"tag-wintersport"},"share_on_mastodon":{"url":"https:\/\/pubeurope.com\/@de\/115748694734661359","error":""},"_links":{"self":[{"href":"https:\/\/www.europesays.com\/de\/wp-json\/wp\/v2\/posts\/658421","targetHints":{"allow":["GET"]}}],"collection":[{"href":"https:\/\/www.europesays.com\/de\/wp-json\/wp\/v2\/posts"}],"about":[{"href":"https:\/\/www.europesays.com\/de\/wp-json\/wp\/v2\/types\/post"}],"author":[{"embeddable":true,"href":"https:\/\/www.europesays.com\/de\/wp-json\/wp\/v2\/users\/2"}],"replies":[{"embeddable":true,"href":"https:\/\/www.europesays.com\/de\/wp-json\/wp\/v2\/comments?post=658421"}],"version-history":[{"count":0,"href":"https:\/\/www.europesays.com\/de\/wp-json\/wp\/v2\/posts\/658421\/revisions"}],"wp:featuredmedia":[{"embeddable":true,"href":"https:\/\/www.europesays.com\/de\/wp-json\/wp\/v2\/media\/658422"}],"wp:attachment":[{"href":"https:\/\/www.europesays.com\/de\/wp-json\/wp\/v2\/media?parent=658421"}],"wp:term":[{"taxonomy":"category","embeddable":true,"href":"https:\/\/www.europesays.com\/de\/wp-json\/wp\/v2\/categories?post=658421"},{"taxonomy":"post_tag","embeddable":true,"href":"https:\/\/www.europesays.com\/de\/wp-json\/wp\/v2\/tags?post=658421"}],"curies":[{"name":"wp","href":"https:\/\/api.w.org\/{rel}","templated":true}]}}