{"id":658518,"date":"2025-12-19T23:48:13","date_gmt":"2025-12-19T23:48:13","guid":{"rendered":"https:\/\/www.europesays.com\/de\/658518\/"},"modified":"2025-12-19T23:48:13","modified_gmt":"2025-12-19T23:48:13","slug":"gladbach-stimmen-zum-02-gegen-bvb","status":"publish","type":"post","link":"https:\/\/www.europesays.com\/de\/658518\/","title":{"rendered":"Gladbach: Stimmen zum 0:2 gegen BVB"},"content":{"rendered":"<p class=\"richtext text-em-55 !leading-serif mx-6 desktop:mx-0\">Das 0:2 indes hatte eine andere Qualit\u00e4t als die Pleite gegen Wolfsburg. Gladbach war nach dem fr\u00fchen 0:1 durch <a href=\"https:\/\/rp-online.de\/thema\/julian-brandt\/\" rel=\"nofollow noopener\" target=\"_blank\">Julian Brandt<\/a> am Ende drauf und dran, etwas mitzunehmen aus Dortmund. Das Problem war die Konsequenz im Spiel nach vorn.<\/p>\n<p class=\"richtext text-em-55 !leading-serif mx-6 desktop:mx-0\">\u201eWir m\u00fcssen den Ball nicht immer ins Tor tragen. Uns fehlte die Gier, es zu erzwingen\u201c, sagte Polanski. Zu oft wurde noch mal quer gespielt auf dem Weg zum gegnerischen Tor, so verpuffte manche M\u00f6glichkeit.<\/p>\n<p>Gladbach: Lob f\u00fcr Wael Mohya      <\/p>\n<p class=\"richtext text-em-55 !leading-serif mx-6 desktop:mx-0\">Kapit\u00e4n Rocco Reitz fand die Niederlage ebenfalls \u00e4rgerlich. \u201eIch hatte vor dem 2:0 des BVB schon das Gef\u00fchl, dass etwas in der Luft liegt und wir am Dr\u00fccker waren. Wir waren ein St\u00fcck weit zu fahrig mit dem letzten Ball. Es war auf jeden Fall mehr drin\u201c, sagte er. Reitz monierte unter anderem die fehlende Tiefe im Gladbacher Offensivportfolio.<\/p>\n<p class=\"richtext text-em-55 !leading-serif mx-6 desktop:mx-0\">Gladbach kam nur auf sechs Abschl\u00fcsse in den 90 Minuten, den besten hatte am Ende der junge Wael Mohya, der BVB-Keeper Gregor Kobel zu einer Glanztat zwang. \u201eEr kommt rein, hat die erste Aktion und fordert Kobel\u201c, lobte Manager Rouven Schr\u00f6der den 16-J\u00e4hrigen. So viel Zielstrebigkeit h\u00e4tte er sich auch von den anderen Borussen gew\u00fcnscht.<\/p>\n<p class=\"richtext text-em-55 !leading-serif mx-6 desktop:mx-0\">\u201eWir haben ein bisschen gebraucht, um ins Spiel zu kommen, waren am Anfang nicht mutig genug. Dann sind wir besser drin, aber es hat sich durch die Partie durchgezogen, dass wir einfach wenig Abschl\u00fcsse hatten. Wir spielen ein bisschen um den Pudding rum, da muss man einfach gieriger sein\u201c, sagte Schr\u00f6der.<\/p>\n<p class=\"richtext text-em-55 !leading-serif mx-6 desktop:mx-0\">Seit vier Bundesligaspielen sind die Borussen nun ohne selbst erzieltes Tor, das ist dann schon ein bemerkenswerter Fakt. Die beiden Tore, die es gab, waren Eigentore der Gegner. Dazu lie\u00df sich der BVB nicht hinrei\u00dfen, so ging Gladbach am Ende punkt- und torlos aus der Partie.<\/p>\n<p class=\"richtext text-em-55 !leading-serif mx-6 desktop:mx-0\">\u201eEs war ein ordentliches Ausw\u00e4rtsspiel, in dem du gut kombinierst und im Ballbesitz gut bist. Aber im Endeffekt gewinnt Dortmund 2:0, wir haben null Punkte. Wir waren einfach ein St\u00fcck weit zu kompliziert. Es geht darum, sich auch zu belohnen. Das ist das Thema\u201c, sagte Schr\u00f6der. So ist der positive Lauf endg\u00fcltig gestoppt, das 0:2 beim BVB ist eine kalkulierbare Niederlage, \u201eaber die musst hier eben nicht verlieren, es war nicht n\u00f6tig\u201c, sagte Schr\u00f6der.<\/p>\n<p>Gladbach: \u201eDas Ganze aufarbeiten\u201c      <\/p>\n<p class=\"richtext text-em-55 !leading-serif mx-6 desktop:mx-0\">Am Samstag ist zum Jahresabschluss ein gro\u00dfer Termin f\u00fcr alle Borussen. \u201eWir kommen alle noch mal zusammen, auch die verletzten Spieler, um das Ganze aufzuarbeiten, einen richtigen Abschluss zu haben und dann gest\u00e4rkt in die kurze Winterpause zu gehen. Dann ist der Anspruch ganz klar, im ersten Spiel im neuen Jahr gegen <a href=\"https:\/\/rp-online.de\/thema\/augsburg\/\" rel=\"nofollow noopener\" target=\"_blank\">Augsburg<\/a> drei Punkte zu holen\u201c, sagte Schr\u00f6der. Am 11. Januar steht das an.<\/p>\n<p class=\"richtext text-em-55 !leading-serif mx-6 desktop:mx-0\">\u201eDas Spiel wird sehr wichtig sein f\u00fcr uns, wir werden uns gut darauf vorbereiten, mit dem Ziel, das Spiel zu gewinnen\u201c, k\u00fcndigte auch Reitz an. Dass die fehlende Zielstrebigkeit, die in Dortmund wom\u00f6glich einen Punkt gekostet hat, eine wesentliche Erkenntnis der Analysen von Eugen Polanski sein und entsprechend auf dem Trainingsplan stehen wird nach der Pause, davon ist auszugehen.<\/p>\n","protected":false},"excerpt":{"rendered":"Das 0:2 indes hatte eine andere Qualit\u00e4t als die Pleite gegen Wolfsburg. Gladbach war nach dem fr\u00fchen 0:1&hellip;\n","protected":false},"author":2,"featured_media":658519,"comment_status":"","ping_status":"","sticky":false,"template":"","format":"standard","meta":{"footnotes":""},"categories":[1833],"tags":[8680,3364,29,217,7770,30,1209],"class_list":{"0":"post-658518","1":"post","2":"type-post","3":"status-publish","4":"format-standard","5":"has-post-thumbnail","7":"category-dortmund","8":"tag-8680","9":"tag-de","10":"tag-deutschland","11":"tag-dortmund","12":"tag-eugen-polanski","13":"tag-germany","14":"tag-nordrhein-westfalen"},"share_on_mastodon":{"url":"https:\/\/pubeurope.com\/@de\/115748910097822841","error":""},"_links":{"self":[{"href":"https:\/\/www.europesays.com\/de\/wp-json\/wp\/v2\/posts\/658518","targetHints":{"allow":["GET"]}}],"collection":[{"href":"https:\/\/www.europesays.com\/de\/wp-json\/wp\/v2\/posts"}],"about":[{"href":"https:\/\/www.europesays.com\/de\/wp-json\/wp\/v2\/types\/post"}],"author":[{"embeddable":true,"href":"https:\/\/www.europesays.com\/de\/wp-json\/wp\/v2\/users\/2"}],"replies":[{"embeddable":true,"href":"https:\/\/www.europesays.com\/de\/wp-json\/wp\/v2\/comments?post=658518"}],"version-history":[{"count":0,"href":"https:\/\/www.europesays.com\/de\/wp-json\/wp\/v2\/posts\/658518\/revisions"}],"wp:featuredmedia":[{"embeddable":true,"href":"https:\/\/www.europesays.com\/de\/wp-json\/wp\/v2\/media\/658519"}],"wp:attachment":[{"href":"https:\/\/www.europesays.com\/de\/wp-json\/wp\/v2\/media?parent=658518"}],"wp:term":[{"taxonomy":"category","embeddable":true,"href":"https:\/\/www.europesays.com\/de\/wp-json\/wp\/v2\/categories?post=658518"},{"taxonomy":"post_tag","embeddable":true,"href":"https:\/\/www.europesays.com\/de\/wp-json\/wp\/v2\/tags?post=658518"}],"curies":[{"name":"wp","href":"https:\/\/api.w.org\/{rel}","templated":true}]}}