{"id":658520,"date":"2025-12-19T23:49:17","date_gmt":"2025-12-19T23:49:17","guid":{"rendered":"https:\/\/www.europesays.com\/de\/658520\/"},"modified":"2025-12-19T23:49:17","modified_gmt":"2025-12-19T23:49:17","slug":"tag-der-offenen-tuer-im-evangelischen-schulzentrum-leipzig","status":"publish","type":"post","link":"https:\/\/www.europesays.com\/de\/658520\/","title":{"rendered":"Tag der offenen T\u00fcr im Evangelischen Schulzentrum Leipzig"},"content":{"rendered":"<p>Das Evangelische Schulzentrum l\u00e4dt herzlich ein: Zum Tag der offenen T\u00fcr am 16. Januar von 15:30 bis 18:30 Uhr. Von der Grundschule mit dem Hort \u00fcber die Oberschule und Schleifenklasse bis hin zum Gymnasium k\u00f6nnen Besucherinnen und Besucher an diesem Tag mehr \u00fcber alle Schulformen und M\u00f6glichkeiten des Lernens und Lebens am \u201eEva Schulze\u201c erfahren.<\/p>\n<p><strong>Auftakt mit Musik<\/strong><\/p>\n<p>Los geht\u2019s ab 15:30 Uhr in der Peterskirche mit einer Begr\u00fc\u00dfung und Andacht f\u00fcr alle zum Liederbuch des Evangelischen Schulzentrums Leipzig gemeinsam mit Evas Kinderchor. Mitsingen ist ausdr\u00fccklich erlaubt und erw\u00fcnscht!<\/p>\n<p><strong>Reinschauen und erleben<\/strong><\/p>\n<p>Ab 16:00 Uhr \u00f6ffnen sich die T\u00fcren zum Entdecken, Betrachten und Mitmachen in Grundschule und Hort, im hauseigenen Schulclub, beim Instrumentenkarussell und bei der Schulband. Ebenso stellen sich die Musikinitiative vor, die Sch\u00fclerinnen und Sch\u00fcler des Schulsanit\u00e4tsdienstes, die N\u00e4h-GTA und die Hausaufgabenbetreuung. Auch einige Fachr\u00e4ume k\u00f6nnen besichtigt werden wie die der Biologie, Physik, Chemie, Kunst oder Religion \u2013 lebende Tiere inklusive!<\/p>\n<p><strong>Kurz und Kompakt<\/strong><\/p>\n<p>All jenen, die unser Schulzentrum auf schnellem Wege erkunden m\u00f6chten, seien um 16:15 Uhr und 16:45 Uhr die Runden zur Kurzvorstellung des \u201eEva Schulze\u201c ans Herz gelegt oder die Schulf\u00fchrungen durch unsere Sch\u00fclerinnen und Sch\u00fcler selbst \u2013 echtes Insiderwissen garantiert.<\/p>\n<p><strong>Mehr erfahren<\/strong><\/p>\n<p>Wer sich ausf\u00fchrlicher informieren oder sich beraten lassen m\u00f6chte, kommt ebenso auf seine Kosten. Unsere Ansprechpartnerinnen und -partner aus der Oberschule, der Schleifenklasse 10S, der gymnasialen Sekundarstufe 1 und 2, der Orientierungsstufe und der Inklusion stehen jederzeit f\u00fcr Gespr\u00e4che bereit.<\/p>\n<p>Anmeldungen neuer Sch\u00fclerinnen und Sch\u00fcler nehmen wir an diesem Tag gern bis 18:30 Uhr entgegen.<\/p>\n<p>Mehr Informationen zur Anmeldung unter:<br \/><a href=\"https:\/\/schulzentrum.de\/schueleranmeldung.html\" target=\"_blank\" rel=\"noreferrer nofollow noopener\">https:\/\/schulzentrum.de\/schueleranmeldung.html<\/a><\/p>\n","protected":false},"excerpt":{"rendered":"Das Evangelische Schulzentrum l\u00e4dt herzlich ein: Zum Tag der offenen T\u00fcr am 16. Januar von 15:30 bis 18:30&hellip;\n","protected":false},"author":2,"featured_media":658521,"comment_status":"","ping_status":"","sticky":false,"template":"","format":"standard","meta":{"footnotes":""},"categories":[1832],"tags":[3364,29,30,71,859],"class_list":{"0":"post-658520","1":"post","2":"type-post","3":"status-publish","4":"format-standard","5":"has-post-thumbnail","7":"category-leipzig","8":"tag-de","9":"tag-deutschland","10":"tag-germany","11":"tag-leipzig","12":"tag-sachsen"},"share_on_mastodon":{"url":"","error":""},"_links":{"self":[{"href":"https:\/\/www.europesays.com\/de\/wp-json\/wp\/v2\/posts\/658520","targetHints":{"allow":["GET"]}}],"collection":[{"href":"https:\/\/www.europesays.com\/de\/wp-json\/wp\/v2\/posts"}],"about":[{"href":"https:\/\/www.europesays.com\/de\/wp-json\/wp\/v2\/types\/post"}],"author":[{"embeddable":true,"href":"https:\/\/www.europesays.com\/de\/wp-json\/wp\/v2\/users\/2"}],"replies":[{"embeddable":true,"href":"https:\/\/www.europesays.com\/de\/wp-json\/wp\/v2\/comments?post=658520"}],"version-history":[{"count":0,"href":"https:\/\/www.europesays.com\/de\/wp-json\/wp\/v2\/posts\/658520\/revisions"}],"wp:featuredmedia":[{"embeddable":true,"href":"https:\/\/www.europesays.com\/de\/wp-json\/wp\/v2\/media\/658521"}],"wp:attachment":[{"href":"https:\/\/www.europesays.com\/de\/wp-json\/wp\/v2\/media?parent=658520"}],"wp:term":[{"taxonomy":"category","embeddable":true,"href":"https:\/\/www.europesays.com\/de\/wp-json\/wp\/v2\/categories?post=658520"},{"taxonomy":"post_tag","embeddable":true,"href":"https:\/\/www.europesays.com\/de\/wp-json\/wp\/v2\/tags?post=658520"}],"curies":[{"name":"wp","href":"https:\/\/api.w.org\/{rel}","templated":true}]}}