{"id":658528,"date":"2025-12-19T23:53:16","date_gmt":"2025-12-19T23:53:16","guid":{"rendered":"https:\/\/www.europesays.com\/de\/658528\/"},"modified":"2025-12-19T23:53:16","modified_gmt":"2025-12-19T23:53:16","slug":"schmerzhafte-kuerzungen-stuttgart-verabschiedet-haushalt","status":"publish","type":"post","link":"https:\/\/www.europesays.com\/de\/658528\/","title":{"rendered":"\u00abSchmerzhafte K\u00fcrzungen\u00bb: Stuttgart verabschiedet Haushalt"},"content":{"rendered":"<p>Kommunen <\/p>\n<p>&#8222;Schmerzhafte K\u00fcrzungen&#8220;: Stuttgart verabschiedet Haushalt<\/p>\n<p>Aktualisiert am 19.12.2025 &#8211; 22:17 UhrLesedauer: 2 Min.<\/p>\n<p><a href=\"#focus-0\" class=\"transition-colors duration-200 block text-current relative\" data-sctrack=\"FocusGalleryImage.Reference\"><img fetchpriority=\"high\" data-testid=\"Opener.Image\" style=\"--lqipURL:url('https:\/\/images.t-online.de\/2025\/12\/eqHEb3RwEjAS\/0x124:2048x1152\/fit-in\/150x0\/filters:blur(25)\/stuttgart-muss-massiv-sparen-foto-archiv.jpg')\"   loading=\"eager\" src=\"https:\/\/www.europesays.com\/de\/wp-content\/uploads\/2025\/12\/stuttgart-muss-massiv-sparen-foto-archiv.jpg\" alt=\"Stuttgart\" title=\"Stuttgart\" width=\"2048\" height=\"1152\" class=\"bg-[url:var(--lqipURL)] bg-cover bg-center flex h-full w-full max-w-full\" decoding=\"async\"\/><img style=\"--width:32;--height:32\" loading=\"lazy\" src=\"https:\/\/www.t-online.de\/s\/paper\/_next\/static\/media\/zoom-in.f7dae02f.svg\" alt=\"Vergr\u00f6\u00dfern des Bildes\" title=\"Vergr\u00f6\u00dfern des Bildes\" class=\"block h-[calc(var(--height)_\/_16_*_1rem)] w-[calc(var(--width)_\/_16_*_1rem)] max-w-none absolute bottom-8 right-8 rounded-4 bg-snow p-8\" decoding=\"async\"\/><\/a><\/p>\n<p>Stuttgart muss massiv sparen. (Foto-Archiv) (Quelle: Bernd Wei\u00dfbrod\/dpa\/dpa-bilder)<\/p>\n<p class=\"font-bold text-18 leading-17\">Stuttgart muss sparen: Der Gemeinderat beschlie\u00dft einen Rekordhaushalt mit neuen Schulden. Was die Stadt jetzt plant.<\/p>\n<p class=\"text-18 leading-17\">Die wegbrechenden Einnahmen der Kommunen und die seit Jahren stark steigenden Ausgaben bringen selbst die einst wohlhabende baden-w\u00fcrttembergische Landeshauptstadt Stuttgart massiv in die Bredouille. Der Gemeinderat verabschiedete am Abend nach einem Sitzungsmarathon mehrheitlich den gr\u00f6\u00dften Sparhaushalt seit der Finanzkrise 2009. <\/p>\n<p class=\"text-18 leading-17\">Der Doppelhaushalt f\u00fcr die Jahre 2026 und 2027 umfasst nach Angaben der Stadt 10,6 Milliarden Euro. Auch Investitionen in H\u00f6he von 1,2 Milliarden Euro bleiben nach Angaben der Stadt m\u00f6glich, sie m\u00fcssten aber zu einem Gro\u00dfteil \u00fcber Kredite finanziert werden. Die Kreditaufnahme soll f\u00fcr das Jahr 2026 484,5 Millionen Euro und f\u00fcr das Jahr 2027 363,5 Millionen Euro betragen, nachdem die Stadt seit 2018 im Kernhaushalt schuldenfrei war. Neue Kredite sind laut Rathaus nun unvermeidbar, um etwa Schulen zu sanieren, Stra\u00dfen zu reparieren und Schwimmb\u00e4der zu betreiben.<\/p>\n<p class=\"text-18 leading-17\">Der Haushalt f\u00fchre zu schmerzhaften K\u00fcrzungen und zu Abgabenerh\u00f6hungen, die man gerne vermieden h\u00e4tte, sagte Oberb\u00fcrgermeister Frank Nopper (CDU). Aber viele Investitions- und F\u00f6rderma\u00dfnahmen blieben m\u00f6glich. Die Stadt befindet sich nach eigenen Angaben in den schwierigsten finanziellen Bedingungen seit Jahrzehnten. <\/p>\n<p class=\"text-18 leading-17\">Ein Hauptgrund f\u00fcr die finanzielle Schieflage der Kommune sind drastisch sinkende Gewerbesteuereinnahmen &#8211; eine der wichtigsten Geldquellen. Die Einnahmen sind laut Stadt von 1,3 Milliarden Euro im Jahr 2024 auf gesch\u00e4tzt 750 Millionen Euro 2025 gesunken. Stuttgart ist die Heimat von Mercedes-Benz, Porsche oder dem Autozulieferer Mahle. Da es der Branche seit Jahren schlechter geht, verdienen die Unternehmen deutlich weniger oder machen Verluste und zahlen somit nicht mehr so viel Gewerbesteuer wie in der Vergangenheit.<\/p>\n<p class=\"text-18 leading-17\">Um Geld zu sparen, sollen \u2013 wie in vielen anderen St\u00e4dten und Gemeinden \u2013 gr\u00f6\u00dfere, bisher nicht begonnene Vorhaben zur\u00fcckgestellt werden. Zudem sollen nur dringend ben\u00f6tigte Stellen besetzt, Zusch\u00fcsse und F\u00f6rderprogramme gestrichen sowie eine \u00dcbernachtungssteuer eingef\u00fchrt werden. Auch einige Parkgeb\u00fchren und die Hundesteuer sollen steigen.<\/p>\n","protected":false},"excerpt":{"rendered":"Kommunen &#8222;Schmerzhafte K\u00fcrzungen&#8220;: Stuttgart verabschiedet Haushalt Aktualisiert am 19.12.2025 &#8211; 22:17 UhrLesedauer: 2 Min. Stuttgart muss massiv sparen.&hellip;\n","protected":false},"author":2,"featured_media":658529,"comment_status":"","ping_status":"","sticky":false,"template":"","format":"standard","meta":{"footnotes":""},"categories":[1830],"tags":[1634,3364,29,30,1109,1110,83816,1441],"class_list":{"0":"post-658528","1":"post","2":"type-post","3":"status-publish","4":"format-standard","5":"has-post-thumbnail","7":"category-stuttgart","8":"tag-baden-wuerttemberg","9":"tag-de","10":"tag-deutschland","11":"tag-germany","12":"tag-haushalt","13":"tag-kuerzung","14":"tag-rekordhaushalt","15":"tag-stuttgart"},"share_on_mastodon":{"url":"https:\/\/pubeurope.com\/@de\/115748930385356793","error":""},"_links":{"self":[{"href":"https:\/\/www.europesays.com\/de\/wp-json\/wp\/v2\/posts\/658528","targetHints":{"allow":["GET"]}}],"collection":[{"href":"https:\/\/www.europesays.com\/de\/wp-json\/wp\/v2\/posts"}],"about":[{"href":"https:\/\/www.europesays.com\/de\/wp-json\/wp\/v2\/types\/post"}],"author":[{"embeddable":true,"href":"https:\/\/www.europesays.com\/de\/wp-json\/wp\/v2\/users\/2"}],"replies":[{"embeddable":true,"href":"https:\/\/www.europesays.com\/de\/wp-json\/wp\/v2\/comments?post=658528"}],"version-history":[{"count":0,"href":"https:\/\/www.europesays.com\/de\/wp-json\/wp\/v2\/posts\/658528\/revisions"}],"wp:featuredmedia":[{"embeddable":true,"href":"https:\/\/www.europesays.com\/de\/wp-json\/wp\/v2\/media\/658529"}],"wp:attachment":[{"href":"https:\/\/www.europesays.com\/de\/wp-json\/wp\/v2\/media?parent=658528"}],"wp:term":[{"taxonomy":"category","embeddable":true,"href":"https:\/\/www.europesays.com\/de\/wp-json\/wp\/v2\/categories?post=658528"},{"taxonomy":"post_tag","embeddable":true,"href":"https:\/\/www.europesays.com\/de\/wp-json\/wp\/v2\/tags?post=658528"}],"curies":[{"name":"wp","href":"https:\/\/api.w.org\/{rel}","templated":true}]}}