{"id":658546,"date":"2025-12-20T00:03:35","date_gmt":"2025-12-20T00:03:35","guid":{"rendered":"https:\/\/www.europesays.com\/de\/658546\/"},"modified":"2025-12-20T00:03:35","modified_gmt":"2025-12-20T00:03:35","slug":"weihnachtsmann-faehrt-in-historischem-s-bahn-zug-durch-die-stadt","status":"publish","type":"post","link":"https:\/\/www.europesays.com\/de\/658546\/","title":{"rendered":"Weihnachtsmann f\u00e4hrt in historischem S-Bahn-Zug durch die Stadt"},"content":{"rendered":"<p>Traditionsfahrt <\/p>\n<p>Der Weihnachtsmann f\u00e4hrt in historischer S-Bahn durch Hamburg<\/p>\n<p>19.12.2025 &#8211; 16:04 UhrLesedauer: 1 Min.<\/p>\n<p><a href=\"#focus-0\" class=\"transition-colors duration-200 block text-current relative\" data-sctrack=\"FocusGalleryImage.Reference\"><img fetchpriority=\"high\" data-testid=\"Opener.Image\" style=\"--lqipURL:url('https:\/\/images.t-online.de\/2025\/12\/eJIgnHAOtDSE\/0x209:4000x2250\/fit-in\/150x0\/filters:blur(25)\/eine-modelleisenbahn-mit-weihnachtsmann-symbolbild.jpg')\"   loading=\"eager\" src=\"https:\/\/www.europesays.com\/de\/wp-content\/uploads\/2025\/12\/eine-modelleisenbahn-mit-weihnachtsmann-symbolbild.jpg\" alt=\"imago images 0778436080\" title=\"imago images 0778436080\" width=\"4000\" height=\"2250\" class=\"bg-[url:var(--lqipURL)] bg-cover bg-center flex h-full w-full max-w-full\" decoding=\"async\"\/><img style=\"--width:32;--height:32\" loading=\"lazy\" src=\"https:\/\/hamburg.t-online.de\/s\/paper\/_next\/static\/media\/zoom-in.f7dae02f.svg\" alt=\"Vergr\u00f6\u00dfern des Bildes\" title=\"Vergr\u00f6\u00dfern des Bildes\" class=\"block h-[calc(var(--height)_\/_16_*_1rem)] w-[calc(var(--width)_\/_16_*_1rem)] max-w-none absolute bottom-8 right-8 rounded-4 bg-snow p-8\" decoding=\"async\"\/><\/a><\/p>\n<p>Eine Modelleisenbahn mit Weihnachtsmann (Symbolbild): Der Weihnachtsmann f\u00e4hrt in desem Jahr das letzte Mal in der S-Bahn durch die Hansestadt. (Quelle: IMAGO\/Bernd Feil\/M.i.S.)<\/p>\n<p class=\"font-bold text-18 leading-17\">Am Samstag verteilt der Weihnachtsmann wieder Geschenke in der S-Bahn \u2013 und das in einem ganz besonderen Zug.<\/p>\n<p class=\"text-18 leading-17\">Mit Gl\u00f6ckchen, Geschenken und guter Laune: Am Samstag, den 20. Dezember, f\u00e4hrt der Weihnachtsmann erneut durch Hamburg \u2013 an Bord eines historischen S-Bahn-Zugs aus dem Jahr 1984. Startpunkt der festlichen Fahrt ist Ohlsdorf, wo sich der Museumszug 472 062 gegen kurz nach 11 Uhr in Bewegung setzt.<\/p>\n<p class=\"text-18 leading-17\">\u00dcber den Hauptbahnhof und den City-Tunnel geht es nach Altona und weiter nach Blankenese \u2013 von dort pendelt der Zug mehrmals hin- und zur\u00fcck nach Barmbek, bevor er gegen 18:30 Uhr wieder in Ohlsdorf endet.<\/p>\n<p class=\"text-18 leading-17\">W\u00e4hrend der Fahrt verteilt der Weihnachtsmann Geschenke an Kinder. An Bord gibt es Kuchen, alkoholfreien Punsch, kleine Snacks und einen Souvenirstand. Es ist der letzte von insgesamt vier Terminen seit Ende November in diesem Jahr.<\/p>\n<p class=\"text-18 leading-17\">Der Verein Historische S-Bahn Hamburg rechnet mit gro\u00dfer Nachfrage und bittet Fahrg\u00e4ste darum, nur leichtes Gep\u00e4ck mitzubringen. Was also Platz auf dem Scho\u00df oder in der Gep\u00e4ckablage findet, ist willkommen \u2013 alles andere bitte zu Hause lassen.<\/p>\n","protected":false},"excerpt":{"rendered":"Traditionsfahrt Der Weihnachtsmann f\u00e4hrt in historischer S-Bahn durch Hamburg 19.12.2025 &#8211; 16:04 UhrLesedauer: 1 Min. Eine Modelleisenbahn mit&hellip;\n","protected":false},"author":2,"featured_media":658547,"comment_status":"","ping_status":"","sticky":false,"template":"","format":"standard","meta":{"footnotes":""},"categories":[1826],"tags":[722,2724,29,30,692,122965,14741,153949],"class_list":{"0":"post-658546","1":"post","2":"type-post","3":"status-publish","4":"format-standard","5":"has-post-thumbnail","7":"category-hamburg","8":"tag-722","9":"tag-altona","10":"tag-deutschland","11":"tag-germany","12":"tag-hamburg","13":"tag-modelleisenbahn","14":"tag-ohlsdorf","15":"tag-traditionsfahrt"},"share_on_mastodon":{"url":"https:\/\/pubeurope.com\/@de\/115748970348630288","error":""},"_links":{"self":[{"href":"https:\/\/www.europesays.com\/de\/wp-json\/wp\/v2\/posts\/658546","targetHints":{"allow":["GET"]}}],"collection":[{"href":"https:\/\/www.europesays.com\/de\/wp-json\/wp\/v2\/posts"}],"about":[{"href":"https:\/\/www.europesays.com\/de\/wp-json\/wp\/v2\/types\/post"}],"author":[{"embeddable":true,"href":"https:\/\/www.europesays.com\/de\/wp-json\/wp\/v2\/users\/2"}],"replies":[{"embeddable":true,"href":"https:\/\/www.europesays.com\/de\/wp-json\/wp\/v2\/comments?post=658546"}],"version-history":[{"count":0,"href":"https:\/\/www.europesays.com\/de\/wp-json\/wp\/v2\/posts\/658546\/revisions"}],"wp:featuredmedia":[{"embeddable":true,"href":"https:\/\/www.europesays.com\/de\/wp-json\/wp\/v2\/media\/658547"}],"wp:attachment":[{"href":"https:\/\/www.europesays.com\/de\/wp-json\/wp\/v2\/media?parent=658546"}],"wp:term":[{"taxonomy":"category","embeddable":true,"href":"https:\/\/www.europesays.com\/de\/wp-json\/wp\/v2\/categories?post=658546"},{"taxonomy":"post_tag","embeddable":true,"href":"https:\/\/www.europesays.com\/de\/wp-json\/wp\/v2\/tags?post=658546"}],"curies":[{"name":"wp","href":"https:\/\/api.w.org\/{rel}","templated":true}]}}