{"id":658549,"date":"2025-12-20T00:05:30","date_gmt":"2025-12-20T00:05:30","guid":{"rendered":"https:\/\/www.europesays.com\/de\/658549\/"},"modified":"2025-12-20T00:05:30","modified_gmt":"2025-12-20T00:05:30","slug":"gehalt-fuer-musk-berliner-erzbischof-kritisiert-aktienplan-von-musk","status":"publish","type":"post","link":"https:\/\/www.europesays.com\/de\/658549\/","title":{"rendered":"Gehalt f\u00fcr Musk: Berliner Erzbischof kritisiert Aktienplan von Musk"},"content":{"rendered":"<p class=\"paragraph article__item\">Der Berliner Erzbischof Heiner Koch empfindet die Aussicht des Tesla-Chefs <a class=\"rtr-entity\" href=\"https:\/\/www.zeit.de\/thema\/elon-musk\" target=\"_blank\" rel=\"noopener\">Elon Musk<\/a> auf ein Aktienpaket im Wert von einer Billion Dollar als unanst\u00e4ndig. \u00abDas ist \u00e4rgerlich und skandal\u00f6s\u00bb, sagte Koch im Interview mit dem \u00abHandelsblatt\u00bb. Ein Verg\u00fctungspaket von einer Billion Dollar, auch wenn es an gewisse Bedingungen gekn\u00fcpft ist, sei eine Provokation f\u00fcr Menschen, die kaum \u00fcber die Runden kommen. \u00abEs gibt Grenzen, die man nicht \u00fcberschreiten darf.\u00bb\n<\/p>\n<p>Aktuelles<\/p>\n<p>                <a href=\"https:\/\/www.zeit.de\/wirtschaft\/2025-12\/elon-musk-vermoegen-677-milliarden-dollar-spacex\" data-ct-label=\"&quot;Forbes&quot;: Elon Musks gesch\u00e4tztes Verm\u00f6gen steigt auf 677 Milliarden US-Dollar\" target=\"_blank\" rel=\"noopener\"><\/p>\n<p>                        &#8222;Forbes&#8220;:<br \/>\n                        Elon Musks gesch\u00e4tztes Verm\u00f6gen steigt auf 677 Milliarden US-Dollar<\/p>\n<p>                <\/a><\/p>\n<p>                <a href=\"https:\/\/www.zeit.de\/wissen\/2025-11\/macht-weltraum-elon-musk-starlink-ueber-all\" data-ct-label=\"Macht im Weltraum: Warum Elon Musk bald Ihr Mobilfunkanbieter sein k\u00f6nnte\" target=\"_blank\" rel=\"noopener\"><\/p>\n<p>                        Macht im Weltraum:<br \/>\n                        Warum Elon Musk bald Ihr Mobilfunkanbieter sein k\u00f6nnte<\/p>\n<p>                <\/a><\/p>\n<p>                <a href=\"https:\/\/www.zeit.de\/wirtschaft\/2025-12\/tesla-elon-musk-gruenheide-batteriezellen-produktion\" data-ct-label=\"Tesla: Tesla will k\u00fcnftig auch Batteriezellen in Deutschland produzieren\" target=\"_blank\" rel=\"noopener\"><\/p>\n<p>                        Tesla:<br \/>\n                        Tesla will k\u00fcnftig auch Batteriezellen in Deutschland produzieren<\/p>\n<p>                <\/a><\/p>\n<p class=\"paragraph article__item\">Musk hat die Aussicht auf ein Riesen-Aktienpaket im Wert von einer Billion Dollar. Die Aussch\u00fcttung ist jedoch an Ziele des Elektroauto-Herstellers gekn\u00fcpft. So m\u00fcsse Tesla in zehn Jahren an der B\u00f6rse 8,5 Billionen Dollar schwer sein, damit Musk die <a class=\"rtr-entity\" href=\"https:\/\/www.zeit.de\/thema\/aktien\" target=\"_blank\" rel=\"noopener\">Aktien<\/a> bekommt. Das w\u00e4re nahezu sechsmal so viel wie jetzt. Musk hatte gedroht, den Chefposten bei Tesla aufzugeben, wenn das Paket nicht bewilligt wird.\n<\/p>\n<p class=\"paragraph article__item\">\u00abDas unternehmerische Risiko muss sich im Manager-Gehalt abbilden, gar keine Frage\u00bb, kommentierte Erzbischof Koch das Paket. Fr\u00fcher habe das beim Vier- bis Sechsfachen des Durchschnittslohns gelegen. \u00abHeute ist esoft das Vierzigfache. Damit kann ich leben, wenn die Leistung stimmt.\u00bb\n<\/p>\n<p class=\"paragraph article__item\">\u00a9 dpa-infocom, dpa:251219-930-444752\/1<\/p>\n","protected":false},"excerpt":{"rendered":"Der Berliner Erzbischof Heiner Koch empfindet die Aussicht des Tesla-Chefs Elon Musk auf ein Aktienpaket im Wert von&hellip;\n","protected":false},"author":2,"featured_media":658550,"comment_status":"","ping_status":"","sticky":false,"template":"","format":"standard","meta":{"footnotes":""},"categories":[1825],"tags":[791,153951,1941,1939,296,1937,29,444,153950,30,39034,1940,15,1938],"class_list":{"0":"post-658549","1":"post","2":"type-post","3":"status-publish","4":"format-standard","5":"has-post-thumbnail","7":"category-berlin","8":"tag-aktien","9":"tag-aktienplan","10":"tag-aktuelle-nachrichten-aus-berlin","11":"tag-aktuelle-news-aus-berlin","12":"tag-berlin","13":"tag-berlin-news","14":"tag-deutschland","15":"tag-elon-musk","16":"tag-gehalt-fuer-musk","17":"tag-germany","18":"tag-heiner-koch","19":"tag-nachrichten-aus-berlin","20":"tag-news","21":"tag-news-aus-berlin"},"share_on_mastodon":{"url":"https:\/\/pubeurope.com\/@de\/115748976992826921","error":""},"_links":{"self":[{"href":"https:\/\/www.europesays.com\/de\/wp-json\/wp\/v2\/posts\/658549","targetHints":{"allow":["GET"]}}],"collection":[{"href":"https:\/\/www.europesays.com\/de\/wp-json\/wp\/v2\/posts"}],"about":[{"href":"https:\/\/www.europesays.com\/de\/wp-json\/wp\/v2\/types\/post"}],"author":[{"embeddable":true,"href":"https:\/\/www.europesays.com\/de\/wp-json\/wp\/v2\/users\/2"}],"replies":[{"embeddable":true,"href":"https:\/\/www.europesays.com\/de\/wp-json\/wp\/v2\/comments?post=658549"}],"version-history":[{"count":0,"href":"https:\/\/www.europesays.com\/de\/wp-json\/wp\/v2\/posts\/658549\/revisions"}],"wp:featuredmedia":[{"embeddable":true,"href":"https:\/\/www.europesays.com\/de\/wp-json\/wp\/v2\/media\/658550"}],"wp:attachment":[{"href":"https:\/\/www.europesays.com\/de\/wp-json\/wp\/v2\/media?parent=658549"}],"wp:term":[{"taxonomy":"category","embeddable":true,"href":"https:\/\/www.europesays.com\/de\/wp-json\/wp\/v2\/categories?post=658549"},{"taxonomy":"post_tag","embeddable":true,"href":"https:\/\/www.europesays.com\/de\/wp-json\/wp\/v2\/tags?post=658549"}],"curies":[{"name":"wp","href":"https:\/\/api.w.org\/{rel}","templated":true}]}}