{"id":658566,"date":"2025-12-20T00:17:13","date_gmt":"2025-12-20T00:17:13","guid":{"rendered":"https:\/\/www.europesays.com\/de\/658566\/"},"modified":"2025-12-20T00:17:13","modified_gmt":"2025-12-20T00:17:13","slug":"avatar-fire-and-ash-ein-halbes-leben-auf-dem-filmset-die-junge-generation","status":"publish","type":"post","link":"https:\/\/www.europesays.com\/de\/658566\/","title":{"rendered":"&#8222;Avatar: Fire and Ash&#8220;: Ein halbes Leben auf dem Filmset &#8211; Die junge Generation"},"content":{"rendered":"<p>\u201eAvatar\u201c war immer schon eine Filmreihe der Superlative. Kein Wunder: Ihr Regisseur James Cameron hatte sich bereits 1998, als sein Schiffsuntergang \u201eTitanic\u201c insgesamt elf Oscars kassierte, selbst zum \u201eK\u00f6nig der Welt\u201c ausgerufen. Mit \u201eAvatar \u2013 Aufbruch nach Pandora\u201c (2009) setzte Cameron neue Ma\u00dfst\u00e4be. Mit innovativer Kinotechnologie startete er einen 3-D-Hype, der das Publikum in die blaue Welt von Pandora eintauchen lie\u00df\u201a allerdings nicht \u00fcberm\u00e4\u00dfig lang an hielt. Nichtsdestotrotz spielte \u201eAvatar\u201c weltweit rund 2,9 Milliarden Dollar ein und gilt (ohne Einberechnung der Inflation)als bislang erfolgreichster Film aller Zeiten. Dreizehn Jahre sp\u00e4ter setzte der Kanadier mit \u201eAvatar: The Way of Water\u201c fort und lukrierte immerhin 2,3 Milliarden Dollar. Damit liegt das Sequel auf Platz drei hinter \u201eAvengers: Endgame\u201c.<\/p>\n<p>Ob mit \u201eAvatar: Fire and Ash\u201c (derzeit im Kino) die Erfolgskurve abflacht, wird sich zeigen; der Kritikerspiegel liegt mit 69 % auf dem Bewertungsaggregator Rotten Tomatoes im Vergleich zu den Vorg\u00e4ngerfilmen auf dem Tiefststand. Die eingeschworene Original-Avatar-Fangemeinde wird sich dadurch aber voraussichtlich wenig beeindrucken lassen und dem Franchise die Treue halten \u2013 zumal auch schon deren Kinder f\u00fcr Nachwuchs im Kinopublikum sorgen.<\/p>\n<p>    Die n\u00e4chste Generation<\/p>\n<p>Apropos Nachwuchs: Die Kinderdarsteller in der Reihe haben seit Beginn der Dreharbeiten von \u201eAvatar: The Way of Water\u201c praktisch ihr halbes Leben auf dem Filmset verbracht. Trinity Bliss, zum Beispiel: Sie spielt Tuktirey, genannt Tuk, das j\u00fcngste Mitglied der Familie von Ex-Marine Sully und seiner Frau Neytiri, und war sieben Jahre alt, als die Dreharbeiten 2017 zu \u201eWay of Water\u201c begannen.<\/p>\n<p>Heute ist die amerikanische Darstellerin immerhin schon 16: \u201eDas Capturing-Training zur Vorbereitung meiner Rolle (gemeint ist ein Prozess, bei der Gestik und Mimik der Schauspieler mithilfe von Punkten auf Gesicht und Anzug in ein Computer-Modell \u00fcbertragen wird, Anm.)dauerte zwei Jahre und war eine ganz besondere Zeit in meinem Leben\u201c, erz\u00e4hlt Trinity Bliss begeistert im KURIER\u2013Gespr\u00e4ch: \u201eIch kann gar nicht glauben, wie lange meine Reise mit ,Avatar\u2019 bereits andauert. Und ich hoffe, sie geht weiter.\u201c<\/p>\n<p>Die Chancen stehen gut: Mit \u201eFire and Ash\u201c ist die Reihe in der Mitte angekommen, Teil vier und f\u00fcnf stehen noch aus und sind f\u00fcr die Jahre 2029 und 2031 geplant. Sollten die Einspielergebnisse weiterhin stimmen, steht noch ein langer Weg bevor.<\/p>\n<p>Auch Jack Champion, Jahrgang 2004, ist schon lange mit dabei. Er war zu Drehbeginn 13 Jahre alt und verk\u00f6rpert Spider, den Sohn des b\u00f6sen US-Soldaten Miles Quaritch. Zugleich ist er der Adoptivsohn von Jake Sully und lebt bei den Na\u2019vis, muss allerdings eine Sauerstoffmaske tragen, weil er als Mensch auf Pandora nicht atmen kann: \u201eDass er nicht g\u00e4nzlich zu den Na\u2019vis geh\u00f6rt, steht ihm mit seiner Maske praktisch ins Gesicht geschrieben\u201c, sinniert Jack Champion \u00fcber seine Rolle: \u201eIch habe ihn immer als jemanden gespielt, dessen Na\u2019vi-Seele in einem menschlichen K\u00f6rper wohnt.\u201c<\/p>\n<p>Das Pendeln zwischen Filmset und normalem Leben fiel ihm anf\u00e4nglich leicht, erinnert sich Champion: \u201eIn den ersten zwei Jahren kam ich w\u00e4hrend der Dreharbeiten immer nur f\u00fcr h\u00f6chstens einen Monat nach Hause und hatte Spa\u00df mit Familie und Freunden. Aber als ich w\u00e4hrend der Pandemie vom Dreh in Neuseeland nach Hause kam und dort nur noch im Pyjama herumhing und Highschool-Unterricht online hatte, da viel mir das Eingew\u00f6hnen in mein normales Leben doch sehr schwer.\u201c<\/p>\n<p>    Feuer und Krieg<\/p>\n<p>Mit \u201eAvatar: Fire and Ash\u201c hat Cameron \u2013 nach Wasser in \u201eThe Way of Water\u201c \u2013 mit Feuer ein neues Element eingef\u00fchrt, dass durch eine b\u00f6sartige Kriegerin in schwarz-roter Kriegsbemalung vertreten ist.<\/p>\n<p>Varang, gespielt von Charlie-Chaplin-Enkelin Oona Chaplin, ist eine Abtr\u00fcnnige aus dem Volk der Na\u2019vi und macht als blutr\u00fcnstige Anf\u00fchrerin der Ash People gemeinsame Sache mit dem fiesen Quadritch, der nach seinem Tod in einen Na\u2019vi-K\u00f6rper geschl\u00fcpft ist.<\/p>\n<p>Tats\u00e4chlich zeichnet sich \u201eAvatar: Fire and Ash\u201c durch eine verst\u00e4rkte Hinwendung zu Krieg und Militarismus aus. Sully, und sogar seine einst so friedliebende Frau Neytiri, greifen entschlossen zur Feuerwaffe und schw\u00f6ren Rache. Eine atemlose Reihe von Schlachten ist die Folge, gef\u00fchrt zwischen den verfeindeten Na\u2019vi-St\u00e4mmen und den Sky People, sprich: Menschen, die Pandora weiterhin kolonisieren wollen.<\/p>\n<p>\u201eWenn Tuk einmal erwachsen ist, werden ein Gro\u00dfteil ihrer Kindheitserinnerungen die Erinnerungen an den Krieg sein\u201c, so Trinity Bliss nachdenklich: \u201eSeit sie sechs Jahre alt ist, herrscht Krieg. Er ist eine Konstante in ihrem Leben. Sie ist ein richtiges Kind des Krieges und muss immer in Angst um ihre Familie und Freunde leben. Gleichzeitig versucht sie, positiv zu bleiben und als Person zu wachsen. Sie m\u00f6chte f\u00fcr andere da sein und f\u00fcr ihre eigenen \u00dcberzeugungen einstehen.\u201c<\/p>\n<p>Auch Bailey Bass \u2013 mit 22 Jahren die \u201e\u00e4lteste\u201c in der Runde \u2013 muss sich als Tsireya, Tochter von Ronal und Tonowari aus dem Stamm der Metkayina \u2013 emanzipieren, und beginnt eine zarte Romanze mit Lo\u2019ak, dem Bruder von Tuk: \u201eSie muss sich gegen ihre Eltern, die sie sehr respektiert, durchsetzen\u201c, erkl\u00e4rt Bailey Bass: \u201eUnd ja, der Film handelt von Krieg. Aber ich glaube, dass sich trotzdem sehr viele Familien \u2013 Eltern und Kinder \u2013 mit den Problemen, von denen ,Avatar\u2019 erz\u00e4hlt, auf vielen Ebenen identifizieren k\u00f6nnen. Und seien es auch nur die kleinen Reibereien, die wir alle aus unserem eigenen Leben kennen. Das empfinde ich auch als das besonders Sch\u00f6ne an einem Film von James Cameron: Er richtet sich an alle Familien, egal, was sie f\u00fcr Erfahren gemacht haben.\u201c<\/p>\n","protected":false},"excerpt":{"rendered":"\u201eAvatar\u201c war immer schon eine Filmreihe der Superlative. Kein Wunder: Ihr Regisseur James Cameron hatte sich bereits 1998,&hellip;\n","protected":false},"author":2,"featured_media":658567,"comment_status":"","ping_status":"","sticky":false,"template":"","format":"standard","meta":{"footnotes":""},"categories":[1771],"tags":[1778,29,214,30,95,1777,215],"class_list":{"0":"post-658566","1":"post","2":"type-post","3":"status-publish","4":"format-standard","5":"has-post-thumbnail","7":"category-kino","8":"tag-cinema","9":"tag-deutschland","10":"tag-entertainment","11":"tag-germany","12":"tag-kino","13":"tag-movie","14":"tag-unterhaltung"},"share_on_mastodon":{"url":"https:\/\/pubeurope.com\/@de\/115749024180627903","error":""},"_links":{"self":[{"href":"https:\/\/www.europesays.com\/de\/wp-json\/wp\/v2\/posts\/658566","targetHints":{"allow":["GET"]}}],"collection":[{"href":"https:\/\/www.europesays.com\/de\/wp-json\/wp\/v2\/posts"}],"about":[{"href":"https:\/\/www.europesays.com\/de\/wp-json\/wp\/v2\/types\/post"}],"author":[{"embeddable":true,"href":"https:\/\/www.europesays.com\/de\/wp-json\/wp\/v2\/users\/2"}],"replies":[{"embeddable":true,"href":"https:\/\/www.europesays.com\/de\/wp-json\/wp\/v2\/comments?post=658566"}],"version-history":[{"count":0,"href":"https:\/\/www.europesays.com\/de\/wp-json\/wp\/v2\/posts\/658566\/revisions"}],"wp:featuredmedia":[{"embeddable":true,"href":"https:\/\/www.europesays.com\/de\/wp-json\/wp\/v2\/media\/658567"}],"wp:attachment":[{"href":"https:\/\/www.europesays.com\/de\/wp-json\/wp\/v2\/media?parent=658566"}],"wp:term":[{"taxonomy":"category","embeddable":true,"href":"https:\/\/www.europesays.com\/de\/wp-json\/wp\/v2\/categories?post=658566"},{"taxonomy":"post_tag","embeddable":true,"href":"https:\/\/www.europesays.com\/de\/wp-json\/wp\/v2\/tags?post=658566"}],"curies":[{"name":"wp","href":"https:\/\/api.w.org\/{rel}","templated":true}]}}