{"id":658572,"date":"2025-12-20T00:20:20","date_gmt":"2025-12-20T00:20:20","guid":{"rendered":"https:\/\/www.europesays.com\/de\/658572\/"},"modified":"2025-12-20T00:20:20","modified_gmt":"2025-12-20T00:20:20","slug":"nick-reiner-erhielt-vor-bluttat-schizophrenie-diegnose-unterhaltung","status":"publish","type":"post","link":"https:\/\/www.europesays.com\/de\/658572\/","title":{"rendered":"Nick Reiner erhielt vor Bluttat Schizophrenie-Diegnose! | Unterhaltung"},"content":{"rendered":"<p>Los Angeles \u2013 <b>Nach der t\u00f6dlichen Gewalttat im Haus des Star-Regisseurs Rob Reiner (\u202078, \u201eHarry und Sally\u201c) im Nobelviertel Brentwood (Los Angeles) laufen die Ermittlungen der Polizei weiter auf Hochtouren. Die Staatsanwaltschaft hat nach dem Tod von Rob Reiner und seiner Frau Michele (\u202070) Klage gegen deren gemeinsamen Sohn Nick Reiner wegen zweifachen Mordes eingereicht.<\/b><\/p>\n<p>Besondere Bedeutung messen Ermittler der psychischen Vorgeschichte des 32-J\u00e4hrigen bei. Nach Informationen von <a href=\"https:\/\/www.tmz.com\/2025\/12\/19\/nick-reiner-calm-but-foggy-after-rob-michele-murders\/\" target=\"_blank\" rel=\"nofollow noopener\" class=\"text-link--external text-link\">TMZ<\/a> war<a href=\"https:\/\/www.bild.de\/unterhaltung\/stars-und-leute\/rob-reiner-und-ehefrau-tot-aufgefunden-neue-horror-details-zu-sohn-nick-69418f043e25dcaf036ad19c\" class=\"text-link\" target=\"_blank\" rel=\"noopener\"> Nick Reiner<\/a> seit Monaten in psychiatrischer Behandlung. Nur wenige Wochen vor der Tat habe er demnach eine Schizophrenie-Diagnose erhalten. In einer privaten Spezialklinik in Los Angeles sei versucht worden, seine Medikation neu einzustellen.<\/p>\n<p><img decoding=\"async\" width=\"992\" height=\"821\" alt=\"Die Festnahme: Nick Reiner wird von der Polizei \u00fcberw\u00e4ltigt und in Gewahrsam genommen\" src=\"https:\/\/www.europesays.com\/de\/wp-content\/uploads\/2025\/12\/54e842df97a96f6d09f821ebb022a16e,88be85e2\"   class=\"dynamic\" loading=\"lazy\"\/><\/p>\n<p class=\"fig__caption__text\">Die Festnahme: Nick Reiner wird von der Polizei \u00fcberw\u00e4ltigt und in Gewahrsam genommen<\/p>\n<p>Foto: LAPD Gang and Narcotics Division<\/p>\n<p>Nick Reiner verhielt sich \u201eunberechenbar\u201c<\/p>\n<p>Eine anonyme Quelle erkl\u00e4rte gegen\u00fcber TMZ, Nick habe sich in den Tagen vor der Tat zunehmend unberechenbar verhalten. Die Ermittler pr\u00fcfen nun, welche Rolle Medikamente, m\u00f6glicher Drogenkonsum und der psychische Zustand zur Tatzeit gespielt haben. Zeugen berichten zudem von einem heftigen Streit zwischen Eltern und Sohn nur Stunden vor dem Verbrechen auf einer Weihnachtsfeier des US-Moderators <a href=\"https:\/\/www.bild.de\/unterhaltung\/stars-und-leute\/nach-66-jahren-ehe-conan-obriens-eltern-sterben-mit-3-tagen-abstand-675c6dd8f09a33307f367f1d\" class=\"text-link\" target=\"_blank\" rel=\"noopener\">Conan O\u2019Brien <\/a>(62). Thema soll ein erneuter Aufenthalt in einer Entzugsklinik gewesen sein.<\/p>\n<p>Mehr zum ThemaRob Reiner: Hatte er Angst vor seinem Sohn?<\/p>\n<p>Bei der Trauerfeier f\u00fcr das Paar am Montag berichtete ein prominenter Gast von Reiners letzten Aussagen. Demnach habe der Regisseur laut \u201eDaily Mail\u201c sichtlich aufgew\u00fchlt gesagt: \u201eIch habe panische Angst vor meinem Sohn\u201c und weiter: \u201eIch f\u00fcrchte, dass Nick mir etwas antun k\u00f6nnte.\u201c Die Schilderung dieser Worte habe viele der Anwesenden zu Tr\u00e4nen ger\u00fchrt.<\/p>\n<p><img decoding=\"async\" width=\"992\" height=\"1028\" alt=\"Rob Reiner (r.) hatte nur Stunden vor seinem Tod eine unheimliche Vorahnung. Auf einer Party erz\u00e4hlte er G\u00e4sten, dass er Angst vor seinem Sohn Nick hatte\" src=\"https:\/\/www.europesays.com\/de\/wp-content\/uploads\/2025\/12\/7ad35ebf43ee5edfa1c2f0eff56ac16f,14e0bfd8\"   class=\"dynamic\" loading=\"lazy\"\/><\/p>\n<p class=\"fig__caption__text\">Rob Reiner (r.) hatte nur Stunden vor seinem Tod eine unheimliche Vorahnung. Auf einer Party erz\u00e4hlte er G\u00e4sten, dass er Angst vor seinem Sohn Nick habe<\/p>\n<p>Foto: AP, DPA<\/p>\n<p>Laut Ermittlerkreisen soll Nick Reiner nach dem mutma\u00dflichen Angriff den Tatort verlassen haben. Wenige Stunden sp\u00e4ter habe die Polizei ihn in einem Hotel in Santa Monica aufgesp\u00fcrt. Dort lie\u00df er sich ohne Widerstand verhaften. Bei der Festnahme sei er laut Berichten verwirrt und emotional auff\u00e4llig gewesen.<\/p>\n<p>S<\/p>\n","protected":false},"excerpt":{"rendered":"Los Angeles \u2013 Nach der t\u00f6dlichen Gewalttat im Haus des Star-Regisseurs Rob Reiner (\u202078, \u201eHarry und Sally\u201c) im&hellip;\n","protected":false},"author":2,"featured_media":658573,"comment_status":"","ping_status":"","sticky":false,"template":"","format":"standard","meta":{"footnotes":""},"categories":[155],"tags":[153953,29,214,30,683,7893,2183,7726,153954,138370,45,3533,215],"class_list":{"0":"post-658572","1":"post","2":"type-post","3":"status-publish","4":"format-standard","5":"has-post-thumbnail","7":"category-unterhaltung","8":"tag-crystal-billy","9":"tag-deutschland","10":"tag-entertainment","11":"tag-germany","12":"tag-hollywood","13":"tag-los-angeles","14":"tag-mord","15":"tag-regisseur","16":"tag-ryan-meg","17":"tag-team-first","18":"tag-texttospeech","19":"tag-todesfall","20":"tag-unterhaltung"},"share_on_mastodon":{"url":"https:\/\/pubeurope.com\/@de\/115749036706428633","error":""},"_links":{"self":[{"href":"https:\/\/www.europesays.com\/de\/wp-json\/wp\/v2\/posts\/658572","targetHints":{"allow":["GET"]}}],"collection":[{"href":"https:\/\/www.europesays.com\/de\/wp-json\/wp\/v2\/posts"}],"about":[{"href":"https:\/\/www.europesays.com\/de\/wp-json\/wp\/v2\/types\/post"}],"author":[{"embeddable":true,"href":"https:\/\/www.europesays.com\/de\/wp-json\/wp\/v2\/users\/2"}],"replies":[{"embeddable":true,"href":"https:\/\/www.europesays.com\/de\/wp-json\/wp\/v2\/comments?post=658572"}],"version-history":[{"count":0,"href":"https:\/\/www.europesays.com\/de\/wp-json\/wp\/v2\/posts\/658572\/revisions"}],"wp:featuredmedia":[{"embeddable":true,"href":"https:\/\/www.europesays.com\/de\/wp-json\/wp\/v2\/media\/658573"}],"wp:attachment":[{"href":"https:\/\/www.europesays.com\/de\/wp-json\/wp\/v2\/media?parent=658572"}],"wp:term":[{"taxonomy":"category","embeddable":true,"href":"https:\/\/www.europesays.com\/de\/wp-json\/wp\/v2\/categories?post=658572"},{"taxonomy":"post_tag","embeddable":true,"href":"https:\/\/www.europesays.com\/de\/wp-json\/wp\/v2\/tags?post=658572"}],"curies":[{"name":"wp","href":"https:\/\/api.w.org\/{rel}","templated":true}]}}