{"id":658693,"date":"2025-12-20T01:34:12","date_gmt":"2025-12-20T01:34:12","guid":{"rendered":"https:\/\/www.europesays.com\/de\/658693\/"},"modified":"2025-12-20T01:34:12","modified_gmt":"2025-12-20T01:34:12","slug":"nach-kiss-cam-skandal-kristin-calbot-rechnet-mit-gwyneth-paltrow-ab","status":"publish","type":"post","link":"https:\/\/www.europesays.com\/de\/658693\/","title":{"rendered":"Nach Kiss-Cam-Skandal: Kristin Calbot rechnet mit Gwyneth Paltrow ab"},"content":{"rendered":"<p class=\"mb-4 text-lg md:leading-8 break-words\">Kristin Cabot hat genug geschwiegen. Die ehemalige Personalchefin des Tech-Unternehmens Astronomer wurde im Juli zur unfreiwilligen Internet-Sensation, als sie bei einem Coldplay-Konzert auf der sogenannten &#8222;Kiss Cam&#8220; neben ihrem verheirateten Chef Andy Byron gezeigt wurde. Jetzt erhebt sie schwere Vorw\u00fcrfe gegen eine prominente Pers\u00f6nlichkeit, die aus dem Skandal Kapital schlug: Gwyneth Paltrow (53).<\/p>\n<p class=\"mb-4 text-lg md:leading-8 break-words\">&#8222;Ich war so ein gro\u00dfer Fan ihres Unternehmens Goop, das sich angeblich dem Empowerment von Frauen verschrieben hat&#8220;, sagte Cabot der britischen &#8222;The Times&#8220;. &#8222;Und dann macht sie das. Ich dachte nur: Wie kann sie es wagen, nach allem, was sie selbst f\u00fcr das &#8218;Conscious Uncoupling&#8216; einstecken musste. Was f\u00fcr eine Heuchlerin.&#8220; Aus Protest habe sie s\u00e4mtliche Goop-Produkte aus ihrem Haushalt entfernt.<\/p>\n<p>Chris Martin machte den verh\u00e4ngnisvollen Witz<\/p>\n<p class=\"mb-4 text-lg md:leading-8 break-words\">Der Skandal nahm seinen Lauf, als Cabot und Byron w\u00e4hrend des Coldplay-Konzerts im Juli auf dem Videow\u00fcrfel des Stadions eingeblendet wurden. Beide wirkten sichtlich entsetzt \u00fcber die ungewollte Aufmerksamkeit. Frontmann Chris Martin &#8211; ausgerechnet der Ex-Mann von Paltrow, von dem sich die Schauspielerin 2014 &#8222;bewusst entkoppelt&#8220; hatte &#8211; kommentierte die Szene von der B\u00fchne aus scherzhaft: Entweder seien die beiden sehr sch\u00fcchtern oder sie h\u00e4tten eine Aff\u00e4re.<\/p>\n<p class=\"mb-4 text-lg md:leading-8 break-words\">Was als harmlose Konzert-Einlage begann, entwickelte sich zum viralen Albtraum. Cabot und Byron verloren beide ihre Jobs, wurden zur Zielscheibe unz\u00e4hliger Memes und l\u00f6sten eine breite Debatte \u00fcber Arbeitsethik und Privatsph\u00e4re im \u00f6ffentlichen Raum aus.<\/p>\n<p>Paltrows Werbespot sorgte f\u00fcr Millionen Klicks<\/p>\n<p class=\"mb-4 text-lg md:leading-8 break-words\">Inmitten des Medienrummels nutzte Astronomer die unerwartete Aufmerksamkeit auf ungew\u00f6hnliche Weise: Am 25. Juli ver\u00f6ffentlichte das Unternehmen einen Werbespot mit Gwyneth Paltrow. &#8222;Ich wurde vor\u00fcbergehend engagiert, um im Namen der \u00fcber 300 Mitarbeiter von Astronomer zu sprechen&#8220;, sagte die Schauspielerin in dem Video, das millionenfach angesehen wurde. &#8222;Wir freuen uns, dass so viele Menschen ein neues Interesse an der Automatisierung von Daten-Workflows entwickelt haben.&#8220;<\/p>\n<p class=\"mb-4 text-lg md:leading-8 break-words\">Laut einem Insider gegen\u00fcber &#8222;People&#8220; kam der Spot &#8222;sehr schnell&#8220; zustande, nachdem Astronomer auf Paltrow zugegangen war. &#8222;Gwyneth hat einen wirklich tollen Sinn f\u00fcr Humor&#8220;, erkl\u00e4rte die Quelle damals. F\u00fcr Cabot hingegen war der Auftritt ein Schlag ins Gesicht.<\/p>\n","protected":false},"excerpt":{"rendered":"Kristin Cabot hat genug geschwiegen. Die ehemalige Personalchefin des Tech-Unternehmens Astronomer wurde im Juli zur unfreiwilligen Internet-Sensation, als&hellip;\n","protected":false},"author":2,"featured_media":658694,"comment_status":"","ping_status":"","sticky":false,"template":"","format":"standard","meta":{"footnotes":""},"categories":[1776],"tags":[84704,1801,153978,29,214,30,6020,84705,20926,1802,215],"class_list":{"0":"post-658693","1":"post","2":"type-post","3":"status-publish","4":"format-standard","5":"has-post-thumbnail","7":"category-prominente","8":"tag-andy-byron","9":"tag-celebrities","10":"tag-coldplay-konzert","11":"tag-deutschland","12":"tag-entertainment","13":"tag-germany","14":"tag-gwyneth-paltrow","15":"tag-kristin-cabot","16":"tag-martin","17":"tag-prominente","18":"tag-unterhaltung"},"share_on_mastodon":{"url":"https:\/\/pubeurope.com\/@de\/115749327224732893","error":""},"_links":{"self":[{"href":"https:\/\/www.europesays.com\/de\/wp-json\/wp\/v2\/posts\/658693","targetHints":{"allow":["GET"]}}],"collection":[{"href":"https:\/\/www.europesays.com\/de\/wp-json\/wp\/v2\/posts"}],"about":[{"href":"https:\/\/www.europesays.com\/de\/wp-json\/wp\/v2\/types\/post"}],"author":[{"embeddable":true,"href":"https:\/\/www.europesays.com\/de\/wp-json\/wp\/v2\/users\/2"}],"replies":[{"embeddable":true,"href":"https:\/\/www.europesays.com\/de\/wp-json\/wp\/v2\/comments?post=658693"}],"version-history":[{"count":0,"href":"https:\/\/www.europesays.com\/de\/wp-json\/wp\/v2\/posts\/658693\/revisions"}],"wp:featuredmedia":[{"embeddable":true,"href":"https:\/\/www.europesays.com\/de\/wp-json\/wp\/v2\/media\/658694"}],"wp:attachment":[{"href":"https:\/\/www.europesays.com\/de\/wp-json\/wp\/v2\/media?parent=658693"}],"wp:term":[{"taxonomy":"category","embeddable":true,"href":"https:\/\/www.europesays.com\/de\/wp-json\/wp\/v2\/categories?post=658693"},{"taxonomy":"post_tag","embeddable":true,"href":"https:\/\/www.europesays.com\/de\/wp-json\/wp\/v2\/tags?post=658693"}],"curies":[{"name":"wp","href":"https:\/\/api.w.org\/{rel}","templated":true}]}}