{"id":658801,"date":"2025-12-20T02:42:19","date_gmt":"2025-12-20T02:42:19","guid":{"rendered":"https:\/\/www.europesays.com\/de\/658801\/"},"modified":"2025-12-20T02:42:19","modified_gmt":"2025-12-20T02:42:19","slug":"sustain-2026-in-duesseldorf-pop-up-markt-im-theatermuseum","status":"publish","type":"post","link":"https:\/\/www.europesays.com\/de\/658801\/","title":{"rendered":"&#8222;Sustain&#8220; 2026 in D\u00fcsseldorf: Pop-up-Markt im Theatermuseum"},"content":{"rendered":"<p data-p-count=\"1\">Zum dritten Mal kehrt das Event \u201eSustain\u201c zur\u00fcck &#8211; diesmal ins stilvolle Theatermuseum im Hofgarten. Als Teil der <a href=\"https:\/\/www.tonight.de\/duesseldorf\" data-internallinksmanager029f6b8e52c=\"44\" title=\"D\u00fcsseldorf News\" target=\"_blank\" rel=\"noopener\">D\u00fcsseldorf<\/a> Fashion Days Winter Edition 2026 pr\u00e4sentiert das Event am <strong>Samstag, den 24. Januar 2026<\/strong>, innovative Ans\u00e4tze aus den Bereichen nachhaltige Mode und Design. Besucher k\u00f6nnen bei freiem Eintritt \u00fcber einen Pop-Up-Markt schlendern.<\/p>\n<p>Pop-Up-Markt mit regionalem Fokus<\/p>\n<p data-p-count=\"2\">Rund 25 lokale und regionale Labels pr\u00e4sentieren auf zwei Etagen eine bunte Momentaufnahme moderner Nachhaltigkeit &#8211; von Fair Fashion \u00fcber Upcycling-Accessoires bis hin zu Responsible Jewellery und Keramik. Eine Ausstellerliste gibt es <a href=\"https:\/\/www.dfd-festival.de\/sustain\" target=\"_blank\" rel=\"noopener\">hier<\/a> im schnellen \u00dcberblick.<\/p>\n<p data-p-count=\"3\">Besucher k\u00f6nnen nicht nur besondere Teile <a href=\"https:\/\/www.tonight.de\/shopping\/verkaufsoffener-sonntag-nrw-2025-alle-termine-in-der-uebersicht_208775.html\" data-internallinksmanager029f6b8e52c=\"79\" title=\"Verkaufsoffener Sonntag NRW\" target=\"_blank\" rel=\"noopener\">shoppen<\/a>, sondern auch direkt in die Arbeitsweisen der Designer eintauchen. Es gibt eine Siebdruckaktion der Werkstatt \u201eOne of them\u201c aus Flingern sowie ein Accessoire-und-Taschen-Workshop des Schweizer Kultlabels \u201eFreitag\u201c.<\/p>\n<p>Schon gelesen?<\/p>\n<p class=\"brlbs-cmpnt-cb-description\">Sie sehen gerade einen Platzhalterinhalt von <strong>Instagram<\/strong>. Um auf den eigentlichen Inhalt zuzugreifen, klicken Sie auf die Schaltfl\u00e4che unten. Bitte beachten Sie, dass dabei Daten an Drittanbieter weitergegeben werden.<\/p>\n<p> <a class=\"brlbs-cmpnt-cb-provider-toggle\" href=\"#\" data-borlabs-cookie-show-provider-information=\"\" role=\"button\">Mehr Informationen<\/a>    <\/p>\n<p data-p-count=\"5\">Der Markt findet am Samstag, den 24. Januar 2026, von 12 bis 19 Uhr im Theatermuseum D\u00fcsseldorf statt (J\u00e4gerhofstra\u00dfe 1). Der Eintritt ist frei!<\/p>\n<p data-p-count=\"6\"><strong>Passend dazu:<\/strong><a href=\"https:\/\/www.tonight.de\/shopping\/duesseldorf-hier-die-beliebtesten-kleinen-laeden-und-boutiquen-abseits-der-koe-macht-shoppen-richtig-spass_203487.html\" target=\"_blank\" rel=\"false noopener\">Die 11 beliebtesten Boutiquen in D\u00fcsseldorf<\/a><\/p>\n<p data-p-count=\"7\"><strong>Tipp<\/strong>: Wer die Stadt aus einer neuen Perspektive entdecken m\u00f6chte, kann sich der Green-Fashion-Tour anschlie\u00dfen: In Kooperation mit Visit D\u00fcsseldorf steuert ein Hop-On-Hop-Off-Bus verschiedene &#8222;ecofriendly&#8220; Konzepte im gesamten Stadtgebiet an (Infos und Tickets via <a href=\"https:\/\/www.visitduesseldorf.de\/content#\/article\" target=\"_blank\" rel=\"noopener\">Visit D\u00fcsseldorf<\/a>).<\/p>\n<p>Fachbesucher-Programm am Vortag<\/p>\n<p data-p-count=\"8\">Die von der Wirtschaftsf\u00f6rderung D\u00fcsseldorf initiierte und vom Magazin \u201eThe Dorf\u201c kuratierte Veranstaltung setzt bereits am Freitag, den 23. Januar 2026, mit einer Fachkonferenz erste Impulse f\u00fcr die Branche. Am Samstag \u00f6ffnet sich das Event dann f\u00fcr alle Interessierten.<\/p>\n","protected":false},"excerpt":{"rendered":"Zum dritten Mal kehrt das Event \u201eSustain\u201c zur\u00fcck &#8211; diesmal ins stilvolle Theatermuseum im Hofgarten. Als Teil der&hellip;\n","protected":false},"author":2,"featured_media":658802,"comment_status":"","ping_status":"","sticky":false,"template":"","format":"standard","meta":{"footnotes":""},"categories":[1831],"tags":[3364,29,3405,13862,30,1209],"class_list":{"0":"post-658801","1":"post","2":"type-post","3":"status-publish","4":"format-standard","5":"has-post-thumbnail","7":"category-duesseldorf","8":"tag-de","9":"tag-deutschland","10":"tag-duesseldorf","11":"tag-event-tipps","12":"tag-germany","13":"tag-nordrhein-westfalen"},"share_on_mastodon":{"url":"","error":""},"_links":{"self":[{"href":"https:\/\/www.europesays.com\/de\/wp-json\/wp\/v2\/posts\/658801","targetHints":{"allow":["GET"]}}],"collection":[{"href":"https:\/\/www.europesays.com\/de\/wp-json\/wp\/v2\/posts"}],"about":[{"href":"https:\/\/www.europesays.com\/de\/wp-json\/wp\/v2\/types\/post"}],"author":[{"embeddable":true,"href":"https:\/\/www.europesays.com\/de\/wp-json\/wp\/v2\/users\/2"}],"replies":[{"embeddable":true,"href":"https:\/\/www.europesays.com\/de\/wp-json\/wp\/v2\/comments?post=658801"}],"version-history":[{"count":0,"href":"https:\/\/www.europesays.com\/de\/wp-json\/wp\/v2\/posts\/658801\/revisions"}],"wp:featuredmedia":[{"embeddable":true,"href":"https:\/\/www.europesays.com\/de\/wp-json\/wp\/v2\/media\/658802"}],"wp:attachment":[{"href":"https:\/\/www.europesays.com\/de\/wp-json\/wp\/v2\/media?parent=658801"}],"wp:term":[{"taxonomy":"category","embeddable":true,"href":"https:\/\/www.europesays.com\/de\/wp-json\/wp\/v2\/categories?post=658801"},{"taxonomy":"post_tag","embeddable":true,"href":"https:\/\/www.europesays.com\/de\/wp-json\/wp\/v2\/tags?post=658801"}],"curies":[{"name":"wp","href":"https:\/\/api.w.org\/{rel}","templated":true}]}}