{"id":658823,"date":"2025-12-20T02:54:15","date_gmt":"2025-12-20T02:54:15","guid":{"rendered":"https:\/\/www.europesays.com\/de\/658823\/"},"modified":"2025-12-20T02:54:15","modified_gmt":"2025-12-20T02:54:15","slug":"berlin-brandenburg-baumgarts-koeln-wiedersehen-union-will-position-festigen","status":"publish","type":"post","link":"https:\/\/www.europesays.com\/de\/658823\/","title":{"rendered":"Berlin &#038; Brandenburg: Baumgarts K\u00f6ln-Wiedersehen: Union will Position festigen"},"content":{"rendered":"<p>Berlin &amp; BrandenburgBaumgarts K\u00f6ln-Wiedersehen: Union will Position festigen<img decoding=\"async\" class=\"Image_img__fQCi0 Image_Img_16_9__4BLfH\" loading=\"eager\" fetchpriority=\"high\" src=\"https:\/\/www.europesays.com\/de\/wp-content\/uploads\/2025\/12\/Union-Trainer-Steffen-Baumgart.webp.webp\" alt=\"Union-Trainer-Steffen-Baumgart\"\/>TeilenFolgen auf:<a href=\"https:\/\/www.whatsapp.com\/channel\/0029Va5cdVJD8SDp5YZgYF01\" title=\"Auf WhatsApp folgen\" target=\"_blank\" rel=\"noopener\"><img decoding=\"async\" src=\"https:\/\/www.n-tv.de\/socialIcons\/whatsapp.svg\" alt=\"whatsapp\" class=\"ArticleShare_icon__FsrC2\"\/><\/a><a href=\"https:\/\/news.google.com\/publications\/CAAiEPMdif5mpRNxiLOeUpHCwwsqFAgKIhDzHYn-ZqUTcYiznlKRwsML?hl=de&amp;gl=DE&amp;ceid=DE%3Ade\" title=\"Auf Google News folgen\" target=\"_blank\" rel=\"noopener\"><img decoding=\"async\" src=\"https:\/\/www.n-tv.de\/socialIcons\/google.svg\" alt=\"whatsapp\" class=\"ArticleShare_icon__FsrC2\"\/><\/a><\/p>\n<p class=\"Typography_text-m__XI0da Typography_weight-bold__uT6mq storyline_lead_text_leadtext__q_wg8\">Union-Trainer Baumgart kehrt an seine alte Wirkungsst\u00e4tte in K\u00f6ln zur\u00fcck &#8211; f\u00fcr ihn wird das Spiel im Rheinland besonders. Die Berliner wollen mit einem weiteren Sieg auf 21 Punkte kommen.<\/p>\n<p class=\"Typography_text-default__P3otY Typography_weight-normal__pqUbH storyline_paragraph_p__qSR5N\">Berlin (dpa\/bb) &#8211; Der 1. FC Union will zum Jahresabschluss in K\u00f6ln seine gute Position in der Bundesliga festigen. F\u00fcr Cheftrainer Steffen Baumgart ist die Partie der Berliner im Rheinland am Samstag (15.30 Uhr\/Sky) etwas Besonderes. Er trainierte den FC von 2021 bis 2023.<\/p>\n<p class=\"Typography_text-default__P3otY Typography_weight-normal__pqUbH storyline_paragraph_p__qSR5N\">Nach dem \u00fcberzeugenden Sieg gegen den Tabellenzweiten RB Leipzig (3:1) am vergangenen Spieltag hat Baumgart wenig Gr\u00fcnde, viele Ver\u00e4nderungen vorzunehmen. Kapit\u00e4n Christopher Trimmel d\u00fcrfte den gelb-gesperrten Janik Haberer ersetzen. Mit dem zweiten Sieg in Serie k\u00e4me Union auf 21 Z\u00e4hler. Aktuell sind die K\u00f6penicker Achter. Aufsteiger K\u00f6ln liegt vor dem Spieltag knapp dahinter auf Rang zehn, wartet aber seit f\u00fcnf Spielen auf einen Sieg.<\/p>\n<p class=\"Typography_text-s__wu_cm Typography_weight-normal__pqUbH Typography_color-darkgrey__sZEnP article-detail-footer_source__KslPc\">Quelle: dpa<\/p>\n","protected":false},"excerpt":{"rendered":"Berlin &amp; BrandenburgBaumgarts K\u00f6ln-Wiedersehen: Union will Position festigenTeilenFolgen auf: Union-Trainer Baumgart kehrt an seine alte Wirkungsst\u00e4tte in K\u00f6ln&hellip;\n","protected":false},"author":2,"featured_media":658824,"comment_status":"","ping_status":"","sticky":false,"template":"","format":"standard","meta":{"footnotes":""},"categories":[1816],"tags":[1960,1958,1959,1957,1956,1890,29,30],"class_list":{"0":"post-658823","1":"post","2":"type-post","3":"status-publish","4":"format-standard","5":"has-post-thumbnail","7":"category-brandenburg","8":"tag-aktuelle-nachrichten-aus-berlin-und-brandenburg","9":"tag-aktuelle-nachrichten-aus-brandenburg","10":"tag-aktuelle-news-aus-berlin-und-brandenburg","11":"tag-aktuelle-news-aus-brandenburg","12":"tag-berlin-und-brandenburg","13":"tag-brandenburg","14":"tag-deutschland","15":"tag-germany"},"share_on_mastodon":{"url":"https:\/\/pubeurope.com\/@de\/115749641933275419","error":""},"_links":{"self":[{"href":"https:\/\/www.europesays.com\/de\/wp-json\/wp\/v2\/posts\/658823","targetHints":{"allow":["GET"]}}],"collection":[{"href":"https:\/\/www.europesays.com\/de\/wp-json\/wp\/v2\/posts"}],"about":[{"href":"https:\/\/www.europesays.com\/de\/wp-json\/wp\/v2\/types\/post"}],"author":[{"embeddable":true,"href":"https:\/\/www.europesays.com\/de\/wp-json\/wp\/v2\/users\/2"}],"replies":[{"embeddable":true,"href":"https:\/\/www.europesays.com\/de\/wp-json\/wp\/v2\/comments?post=658823"}],"version-history":[{"count":0,"href":"https:\/\/www.europesays.com\/de\/wp-json\/wp\/v2\/posts\/658823\/revisions"}],"wp:featuredmedia":[{"embeddable":true,"href":"https:\/\/www.europesays.com\/de\/wp-json\/wp\/v2\/media\/658824"}],"wp:attachment":[{"href":"https:\/\/www.europesays.com\/de\/wp-json\/wp\/v2\/media?parent=658823"}],"wp:term":[{"taxonomy":"category","embeddable":true,"href":"https:\/\/www.europesays.com\/de\/wp-json\/wp\/v2\/categories?post=658823"},{"taxonomy":"post_tag","embeddable":true,"href":"https:\/\/www.europesays.com\/de\/wp-json\/wp\/v2\/tags?post=658823"}],"curies":[{"name":"wp","href":"https:\/\/api.w.org\/{rel}","templated":true}]}}