{"id":658827,"date":"2025-12-20T02:56:24","date_gmt":"2025-12-20T02:56:24","guid":{"rendered":"https:\/\/www.europesays.com\/de\/658827\/"},"modified":"2025-12-20T02:56:24","modified_gmt":"2025-12-20T02:56:24","slug":"radschnellweg-startet-erstmals-in-ein-planfeststellungsverfahren","status":"publish","type":"post","link":"https:\/\/www.europesays.com\/de\/658827\/","title":{"rendered":"Radschnellweg startet erstmals in ein Planfeststellungsverfahren"},"content":{"rendered":"<p class=\"tspAGen tspAGeo\">Die erste Berliner Radschnellverbindung ist in das Planfeststellungsverfahren gestartet. Am 17. Dezember 2025 hat die landeseigene  infraVelo GmbH die Planunterlagen f\u00fcr die Radschnellverbindung RSV 3 \u201eK\u00f6nigsweg \u2013 Kronprinzessinnenweg\u201c bei der Senatsverwaltung f\u00fcr Stadtentwicklung, Bauen und Wohnen eingereicht.<\/p>\n<p class=\"tspAGen\">Damit beginnt erstmals in Berlin ein Planfeststellungsverfahren f\u00fcr eine Radschnellstrecke \u2013 den h\u00f6chsten Genehmigungsschritt f\u00fcr gro\u00dfe Infrastrukturprojekte. Die rund 14 Kilometer lange Strecke <a href=\"https:\/\/www.tagesspiegel.de\/berlin\/parkplatze-statt-radschnellweg-nach-wannsee-grune-bangen-um-letztes-projekt--senat-widerspricht-14066126.html?icid=in-text-link_15068328\" class=\"link link--internal\" data-gtm-class=\"article-text-link\" data-gtm-val=\"internal\" target=\"_blank\" rel=\"noopener\">f\u00fchrt vom Wannsee bis in die City West<\/a> und verl\u00e4uft durch die Bezirke Steglitz-Zehlendorf und Charlottenburg-Wilmersdorf. <\/p>\n<p><a href=\"http:\/\/checkpoint.tagesspiegel.de\/?icid=single-topic_15068328___\" data-gtm-class=\"article-mzt-link\" class=\"tspBTll\" target=\"_blank\" rel=\"noopener\">Jeden Morgen ab 6 Uhr Herausgeber Lorenz Maroldt und sein Team berichten im Tagesspiegel-Newsletter Checkpoint \u00fcber Berlins Irrungen und Wirrungen. Hier kostenlos anmelden. <\/a><\/p>\n<p class=\"tspAGen\">Etwa die H\u00e4lfte des Weges ist als vom Autoverkehr getrennter Sonderweg mit mindestens vier Metern Breite geplant. Weitere vier Kilometer sollen als Fahrradstra\u00dfen mit mindestens 4,5 Metern Breite entstehen. Entlang stark befahrener Stra\u00dfen sollen die Radspuren je Fahrtrichtung mindestens drei Meter breit werden, um sicheres \u00dcberholen zu erm\u00f6glichen.<\/p>\n<p class=\"tspAGen\">Radschnellverbindungen sollen eine schnelle, direkte und komfortable Verbindung zwischen den Au\u00dfenbezirken und dem Zentrum schaffen. Laut Berliner Stra\u00dfengesetz ist f\u00fcr solche Projekte ein Planfeststellungsverfahren erforderlich. Dabei werden die Unterlagen zun\u00e4chst gepr\u00fcft und anschlie\u00dfend \u00f6ffentlich ausgelegt. Nach M\u00f6glichkeit werden Einwendungen, Stellungnahmen und Fachgutachten in einem Anh\u00f6rungstermin behandelt, bevor die Planfeststellungsbeh\u00f6rde \u00fcber die Genehmigung des Projekts entscheidet. Dieser Prozess soll mindestens anderthalb bis zwei Jahre dauern.<\/p>\n<p class=\"tspAGen\">Finanziert wird das Vorhaben aus Mitteln des Landes Berlin und mit Unterst\u00fctzung des Bundes im Rahmen der Verwaltungsvereinbarung \u201eRadschnellwege 2017\u20132030\u201c. <\/p>\n<p class=\"tspAGen\">Zwar gibt es schon jetzt eine autofreie Verbindung vom Grunewald nach S\u00fcden, doch die ist stellenweise zu schmal. Um den Radschnellweg Wirklichkeit werden zu lassen, m\u00fcssten vermutlich B\u00e4ume gef\u00e4llt werden \u2013 wogegen wiederum geklagt werden k\u00f6nnte. Damit gehen weitere Monate bis Jahre ins Land. Auch eine Br\u00fccke \u00fcber die A100 ist nicht breit genug.<\/p>\n<p> Mehr zum Thema <a href=\"https:\/\/www.tagesspiegel.de\/berlin\/parkplatze-statt-radschnellweg-nach-wannsee-grune-bangen-um-letztes-projekt--senat-widerspricht-14066126.html?icid=topic-list_15068328___\" data-gtm-class=\"article-mzt-link\" data-hydrate-fingerprint=\"09740a54944caac75fd2c0c63fd5c5df\" data-hydrate-props=\"{&amp;escapedquot;element&amp;escapedquot;:{&amp;escapedquot;type&amp;escapedquot;:&amp;escapedquot;relatedContent&amp;escapedquot;,&amp;escapedquot;fieldMap&amp;escapedquot;:{},&amp;escapedquot;relation&amp;escapedquot;:{&amp;escapedquot;fields&amp;escapedquot;:{&amp;escapedquot;isPaid&amp;escapedquot;:true},&amp;escapedquot;href&amp;escapedquot;:&amp;escapedquot;\/berlin\/parkplatze-statt-radschnellweg-nach-wannsee-grune-bangen-um-letztes-projekt--senat-widerspricht-14066126.html&amp;escapedquot;,&amp;escapedquot;teaserTitle&amp;escapedquot;:{&amp;escapedquot;kicker&amp;escapedquot;:&amp;escapedquot;Parkpl\u00e4tze statt Radschnellweg nach Wannsee?&amp;escapedquot;,&amp;escapedquot;headline&amp;escapedquot;:&amp;escapedquot;Gr\u00fcne bangen um letztes Projekt \u2013 Senat widerspricht&amp;escapedquot;},&amp;escapedquot;id&amp;escapedquot;:&amp;escapedquot;14066126&amp;escapedquot;,&amp;escapedquot;type&amp;escapedquot;:&amp;escapedquot;story&amp;escapedquot;},&amp;escapedquot;isPartOfList&amp;escapedquot;:true,&amp;escapedquot;topicListType&amp;escapedquot;:&amp;escapedquot;topic-list&amp;escapedquot;},&amp;escapedquot;showArrow&amp;escapedquot;:true}\" data-hydrate-slots=\"{&#039;default&#039;:[]}\" class=\"tspBTll\" target=\"_blank\" rel=\"noopener\">Parkpl\u00e4tze statt Radschnellweg nach Wannsee? Gr\u00fcne bangen um letztes Projekt \u2013 Senat widerspricht <\/a><a href=\"https:\/\/www.tagesspiegel.de\/berlin\/schlamassel-mit-ansage-kein-neuer-radschnellweg-in-sicht--und-schuld-sind-grune-und-cdu-12142670.html?icid=topic-list_15068328___\" data-gtm-class=\"article-mzt-link\" data-hydrate-fingerprint=\"09740a54944caac75fd2c0c63fd5c5df\" data-hydrate-props=\"{&amp;escapedquot;element&amp;escapedquot;:{&amp;escapedquot;type&amp;escapedquot;:&amp;escapedquot;relatedContent&amp;escapedquot;,&amp;escapedquot;fieldMap&amp;escapedquot;:{},&amp;escapedquot;relation&amp;escapedquot;:{&amp;escapedquot;fields&amp;escapedquot;:{&amp;escapedquot;isPaid&amp;escapedquot;:true},&amp;escapedquot;href&amp;escapedquot;:&amp;escapedquot;\/berlin\/schlamassel-mit-ansage-kein-neuer-radschnellweg-in-sicht--und-schuld-sind-grune-und-cdu-12142670.html&amp;escapedquot;,&amp;escapedquot;teaserTitle&amp;escapedquot;:{&amp;escapedquot;kicker&amp;escapedquot;:&amp;escapedquot;Erst Ewigplanungen, dann Stopp&amp;escapedquot;,&amp;escapedquot;headline&amp;escapedquot;:&amp;escapedquot;Gr\u00fcne und die CDU\u00a0f\u00fchren\u00a0Berlins\u00a0Radschnellwege\u00a0ins Schlamassel&amp;escapedquot;},&amp;escapedquot;id&amp;escapedquot;:&amp;escapedquot;12142670&amp;escapedquot;,&amp;escapedquot;type&amp;escapedquot;:&amp;escapedquot;story&amp;escapedquot;},&amp;escapedquot;isPartOfList&amp;escapedquot;:true,&amp;escapedquot;topicListType&amp;escapedquot;:&amp;escapedquot;topic-list&amp;escapedquot;},&amp;escapedquot;showArrow&amp;escapedquot;:true}\" data-hydrate-slots=\"{&#039;default&#039;:[]}\" class=\"tspBTll\" target=\"_blank\" rel=\"noopener\">Erst Ewigplanungen, dann Stopp Gr\u00fcne und die CDU\u00a0f\u00fchren\u00a0Berlins\u00a0Radschnellwege\u00a0ins Schlamassel <\/a><a href=\"https:\/\/www.tagesspiegel.de\/berlin\/elf-millionen-euro-sind-schon-verplant-berlin-hat-fast-kein-geld-mehr-fur-neue-radwege-13287415.html?icid=topic-list_15068328___\" data-gtm-class=\"article-mzt-link\" data-hydrate-fingerprint=\"09740a54944caac75fd2c0c63fd5c5df\" data-hydrate-props=\"{&amp;escapedquot;element&amp;escapedquot;:{&amp;escapedquot;type&amp;escapedquot;:&amp;escapedquot;relatedContent&amp;escapedquot;,&amp;escapedquot;fieldMap&amp;escapedquot;:{},&amp;escapedquot;relation&amp;escapedquot;:{&amp;escapedquot;fields&amp;escapedquot;:{&amp;escapedquot;isPaid&amp;escapedquot;:true},&amp;escapedquot;href&amp;escapedquot;:&amp;escapedquot;\/berlin\/elf-millionen-euro-sind-schon-verplant-berlin-hat-fast-kein-geld-mehr-fur-neue-radwege-13287415.html&amp;escapedquot;,&amp;escapedquot;teaserTitle&amp;escapedquot;:{&amp;escapedquot;kicker&amp;escapedquot;:&amp;escapedquot;Elf Millionen Euro sind schon verplant&amp;escapedquot;,&amp;escapedquot;headline&amp;escapedquot;:&amp;escapedquot;Berlin hat fast kein Geld mehr f\u00fcr neue Radwege&amp;escapedquot;},&amp;escapedquot;id&amp;escapedquot;:&amp;escapedquot;13287415&amp;escapedquot;,&amp;escapedquot;type&amp;escapedquot;:&amp;escapedquot;story&amp;escapedquot;},&amp;escapedquot;isPartOfList&amp;escapedquot;:true,&amp;escapedquot;topicListType&amp;escapedquot;:&amp;escapedquot;topic-list&amp;escapedquot;},&amp;escapedquot;showArrow&amp;escapedquot;:true}\" data-hydrate-slots=\"{&#039;default&#039;:[]}\" class=\"tspBTll\" target=\"_blank\" rel=\"noopener\">Elf Millionen Euro sind schon verplant Berlin hat fast kein Geld mehr f\u00fcr neue Radwege <\/a><\/p>\n<p class=\"tspAGen\">Einst hatte die Senatsverkehrsverwaltung, als sie noch von den Gr\u00fcnen gef\u00fchrt wurde, zehn Radschnellwege geplant. <a href=\"https:\/\/www.tagesspiegel.de\/berlin\/nur-die-route-nach-wannsee-kommt-berliner-verkehrsverwaltung-legt-fast-alle-neuen-radschnellwege-auf-eis--kritik-von-der-spd-12120428.html?icid=in-text-link_15068328\" class=\"link link--internal\" data-gtm-class=\"article-text-link\" data-gtm-val=\"internal\" target=\"_blank\" rel=\"noopener\">Neun davon fielen sp\u00e4ter Sparma\u00dfnahmen der CDU zum Opfer<\/a>. Die Strecke auf dem Kronprinzessinnenweg entlang der Avus war da bereits planerisch am weitesten gediehen. <\/p>\n","protected":false},"excerpt":{"rendered":"Die erste Berliner Radschnellverbindung ist in das Planfeststellungsverfahren gestartet. Am 17. Dezember 2025 hat die landeseigene infraVelo GmbH&hellip;\n","protected":false},"author":2,"featured_media":658828,"comment_status":"","ping_status":"","sticky":false,"template":"","format":"standard","meta":{"footnotes":""},"categories":[1825],"tags":[599,296,531,29,1923,30,523,12385],"class_list":{"0":"post-658827","1":"post","2":"type-post","3":"status-publish","4":"format-standard","5":"has-post-thumbnail","7":"category-berlin","8":"tag-a100","9":"tag-berlin","10":"tag-charlottenburg-wilmersdorf","11":"tag-deutschland","12":"tag-fahrrad-und-verkehr","13":"tag-germany","14":"tag-steglitz-zehlendorf","15":"tag-wohnen-in-berlin"},"share_on_mastodon":{"url":"https:\/\/pubeurope.com\/@de\/115749649469521417","error":""},"_links":{"self":[{"href":"https:\/\/www.europesays.com\/de\/wp-json\/wp\/v2\/posts\/658827","targetHints":{"allow":["GET"]}}],"collection":[{"href":"https:\/\/www.europesays.com\/de\/wp-json\/wp\/v2\/posts"}],"about":[{"href":"https:\/\/www.europesays.com\/de\/wp-json\/wp\/v2\/types\/post"}],"author":[{"embeddable":true,"href":"https:\/\/www.europesays.com\/de\/wp-json\/wp\/v2\/users\/2"}],"replies":[{"embeddable":true,"href":"https:\/\/www.europesays.com\/de\/wp-json\/wp\/v2\/comments?post=658827"}],"version-history":[{"count":0,"href":"https:\/\/www.europesays.com\/de\/wp-json\/wp\/v2\/posts\/658827\/revisions"}],"wp:featuredmedia":[{"embeddable":true,"href":"https:\/\/www.europesays.com\/de\/wp-json\/wp\/v2\/media\/658828"}],"wp:attachment":[{"href":"https:\/\/www.europesays.com\/de\/wp-json\/wp\/v2\/media?parent=658827"}],"wp:term":[{"taxonomy":"category","embeddable":true,"href":"https:\/\/www.europesays.com\/de\/wp-json\/wp\/v2\/categories?post=658827"},{"taxonomy":"post_tag","embeddable":true,"href":"https:\/\/www.europesays.com\/de\/wp-json\/wp\/v2\/tags?post=658827"}],"curies":[{"name":"wp","href":"https:\/\/api.w.org\/{rel}","templated":true}]}}