{"id":658831,"date":"2025-12-20T02:58:47","date_gmt":"2025-12-20T02:58:47","guid":{"rendered":"https:\/\/www.europesays.com\/de\/658831\/"},"modified":"2025-12-20T02:58:47","modified_gmt":"2025-12-20T02:58:47","slug":"fuechse-berlin-schaffen-im-pokal-den-einzug-in-final-four","status":"publish","type":"post","link":"https:\/\/www.europesays.com\/de\/658831\/","title":{"rendered":"F\u00fcchse Berlin schaffen im Pokal den Einzug in Final Four"},"content":{"rendered":"<p class=\"tspAGen tspAGeo\">Die Handballer der F\u00fcchse Berlin haben im Pokal den Sprung in das Final Four in K\u00f6ln geschafft. Der deutsche Meister gewann das <a href=\"https:\/\/www.tagesspiegel.de\/sport\/pokalkracher-gegen-kiel-lichtlein-ist-zuruck--und-die-fuchse-hoffen-auf-festbeleuchtung-15059444.html?icid=in-text-link_15065794\" class=\"link link--internal\" data-gtm-class=\"article-text-link\" data-gtm-val=\"internal\" target=\"_blank\" rel=\"noopener\">Viertelfinale gegen Rekordmeister THW Kiel<\/a> nach hartem Kampf mit 32:30 (16:17). Beste Berliner Werfer waren Mathias Gidsel mit zehn Treffern und Tim Freih\u00f6fer mit f\u00fcnf Toren.<\/p>\n<p class=\"tspAGen\">Das Finalturnier findet am 18. und 19. April statt. Im Halbfinale treffen die F\u00fcchse auf den TBV Lemgo, im anderen Semifinale spielt der SC Magdeburg gegen Bundesliga-Aufsteiger Bergischer HC. Dies ergab die Auslosung am Abend.<\/p>\n<p class=\"tspAGen\">Trainer Nicolej Krickau musste erneut ohne Weltmeister Lasse Andersson auskommen. Und dann begann die Partie f\u00fcr sein Team vor 8.217 Zuschauern in der Max-Schmeling-Halle auch denkbar ung\u00fcnstig. <a href=\"https:\/\/www.tagesspiegel.de\/sport\/handball-em-gislason-will-mit-jungem-schwung-ins-em-halbfinale-15059670.html?icid=in-text-link_15065794\" class=\"link link--internal\" data-gtm-class=\"article-text-link\" data-gtm-val=\"internal\" target=\"_blank\" rel=\"noopener\">Freih\u00f6fer, der nicht f\u00fcr den EM-Kader der Nationalmannschaft nominiert wurde<\/a>, verwarf gleich im ersten Angriff einen Siebenmeter. Die F\u00fcchse taten sich zu Beginn offensiv sehr schwer und hatten in der Abwehr nicht den n\u00f6tigen Zugriff. Nach zehn Minuten lagen sie bereits 4:8 zur\u00fcck.<\/p>\n<p class=\"tspAGen\">Doch dann wachten die F\u00fcchse auf, gingen aggressiver zu Werke, machten mehr Tempo und\u00a0konnten mit einem 6:1-Lauf in der 17. Minute erstmalig in F\u00fchrung gehen (10:9). Anschlie\u00dfend wurde es hektisch. Das nutzte Kiel und konterte mit einem 5:0-Lauf. Aber auch der THW hielt diese F\u00fchrung nicht lange.<\/p>\n<blockquote class=\"tspAYhp\">\n<p>Ich bin heute gerne ein schlechter Verlierer. Wir sind zerst\u00f6rt. Es tut unglaublich weh.<\/p>\n<\/blockquote>\n<p class=\"tspAYhq\"><strong>Filip Jicha<\/strong>, Trainer vom THW Kiel<\/p>\n<p class=\"tspAGen\"><a href=\"https:\/\/www.tagesspiegel.de\/sport\/unkonzentrierte-vorstellung-gegen-wetzlar-der-fokus-der-fuchse-berlin-liegt-bereits-auf-dem-pokal-15051892.html?icid=in-text-link_15065794\" class=\"link link--internal\" data-gtm-class=\"article-text-link\" data-gtm-val=\"internal\" target=\"_blank\" rel=\"noopener\">Die F\u00fcchse<\/a> kamen besser aus der Kabine und konnten sich erstmalig auf 23:20 etwas absetzen. Die F\u00fchrung hielt nicht lange, weil die Gastgeber nun einige Male an Kiel-Keeper Gonzalo P\u00e9rez de Vargas scheiterten. Aber auch F\u00fcchse-Keeper Dejan Milosavljev war in der Schlussphase zur Stelle. Die Entscheidung fiel erst 38 Sekunden vor Ende, als Freih\u00f6fer einen Siebenmeter verwandelte.<\/p>\n<p> THW-Coach Jicha \u00e4u\u00dfert scharfe Kritik an Schiedsrichtern <\/p>\n<p class=\"tspAGen\">Kiels emotional v\u00f6llig ersch\u00f6pfter Trainer Filip Jicha k\u00e4mpfte nach dem Krimi mit den Tr\u00e4nen und konnte seine Wut auf das Schiedsrichter-Duo nicht mehr verbergen. \u201eIch bin heute gerne ein schlechter Verlierer. Wir sind zerst\u00f6rt. Es tut unglaublich weh. Es ist f\u00fcr mich, f\u00fcr meine Mannschaft, f\u00fcr meine Jungs unglaublich schwer gewesen, zum dritten Mal mit diesen Schiedsrichtern zu agieren\u201c, sagte Jicha. <\/p>\n<p class=\"tspAGen\">Jichas Kritik richtete sich gegen die Schiedsrichter Robert Schulze und Tobias T\u00f6nnies, die bereits bei Kiels Niederlagen gegen Berlin im Supercup sowie in der Bundesliga vor wenigen Wochen im Einsatz gewesen waren. Schon unmittelbar nach Abpfiff war der Tscheche wutentbrannt auf die Unparteiischen zugest\u00fcrmt und hatte lautstark auf sie eingeredet.\u00a0<\/p>\n<p class=\"tspAGen\">Aus seiner Sicht trugen Schulze und T\u00f6nnies mit mehreren umstrittenen Entscheidungen ma\u00dfgeblich zum Ausgang der Partie bei. Eine konkrete Situation wollte Jicha nicht benennen, sagte aber mit Blick auf Berlins Welthandballer Mathias Gidsel: \u201eMathias ist einer der Besten von uns. Zurecht. Ich war selber Welthandballer. Ich wei\u00df, dass du einen gewissen Bonus kriegst.\u201c<\/p>\n<p> Mehr zum Sport lesen Sie bei Tagesspiegel Plus <a href=\"https:\/\/www.tagesspiegel.de\/sport\/ich-vertraue-bob-zu-einhundert-prozent-warum-tim-freihofer-ausgerechnet-jetzt-seinen-vertrag-bei-den-fuchsen-verlangert-14425169.html?icid=topic-list_15065794___\" data-gtm-class=\"article-mzt-link\" data-hydrate-fingerprint=\"09740a54944caac75fd2c0c63fd5c5df\" data-hydrate-props=\"{&amp;escapedquot;element&amp;escapedquot;:{&amp;escapedquot;type&amp;escapedquot;:&amp;escapedquot;relatedContent&amp;escapedquot;,&amp;escapedquot;fieldMap&amp;escapedquot;:{},&amp;escapedquot;relation&amp;escapedquot;:{&amp;escapedquot;fields&amp;escapedquot;:{&amp;escapedquot;isPaid&amp;escapedquot;:true},&amp;escapedquot;href&amp;escapedquot;:&amp;escapedquot;\/sport\/ich-vertraue-bob-zu-einhundert-prozent-warum-tim-freihofer-ausgerechnet-jetzt-seinen-vertrag-bei-den-fuchsen-verlangert-14425169.html&amp;escapedquot;,&amp;escapedquot;teaserTitle&amp;escapedquot;:{&amp;escapedquot;kicker&amp;escapedquot;:&amp;escapedquot;\u201eIch vertraue Bob zu einhundert Prozent\u201c&amp;escapedquot;,&amp;escapedquot;headline&amp;escapedquot;:&amp;escapedquot;Warum Tim Freih\u00f6fer ausgerechnet jetzt seinen Vertrag bei den F\u00fcchsen verl\u00e4ngert&amp;escapedquot;},&amp;escapedquot;id&amp;escapedquot;:&amp;escapedquot;14425169&amp;escapedquot;,&amp;escapedquot;type&amp;escapedquot;:&amp;escapedquot;story&amp;escapedquot;},&amp;escapedquot;isPartOfList&amp;escapedquot;:true,&amp;escapedquot;topicListType&amp;escapedquot;:&amp;escapedquot;topic-list&amp;escapedquot;},&amp;escapedquot;showArrow&amp;escapedquot;:true}\" data-hydrate-slots=\"{&#039;default&#039;:[]}\" class=\"tspBTll\" target=\"_blank\" rel=\"noopener\">\u201eIch vertraue Bob zu einhundert Prozent\u201c Warum Tim Freih\u00f6fer ausgerechnet jetzt seinen Vertrag bei den F\u00fcchsen verl\u00e4ngert <\/a><a href=\"https:\/\/www.tagesspiegel.de\/sport\/minusgrade-sind-ziemlich-geil-running-influencerin-paula-enzweiler-verrat-ihre-tricks-furs-laufen-im-winter-15058047.html?icid=topic-list_15065794___\" data-gtm-class=\"article-mzt-link\" data-hydrate-fingerprint=\"09740a54944caac75fd2c0c63fd5c5df\" data-hydrate-props=\"{&amp;escapedquot;element&amp;escapedquot;:{&amp;escapedquot;type&amp;escapedquot;:&amp;escapedquot;relatedContent&amp;escapedquot;,&amp;escapedquot;fieldMap&amp;escapedquot;:{},&amp;escapedquot;relation&amp;escapedquot;:{&amp;escapedquot;fields&amp;escapedquot;:{&amp;escapedquot;isPaid&amp;escapedquot;:true},&amp;escapedquot;href&amp;escapedquot;:&amp;escapedquot;\/sport\/minusgrade-sind-ziemlich-geil-running-influencerin-paula-enzweiler-verrat-ihre-tricks-furs-laufen-im-winter-15058047.html&amp;escapedquot;,&amp;escapedquot;teaserTitle&amp;escapedquot;:{&amp;escapedquot;kicker&amp;escapedquot;:&amp;escapedquot;\u201eMinusgrade sind ziemlich geil\u201c&amp;escapedquot;,&amp;escapedquot;headline&amp;escapedquot;:&amp;escapedquot;Running-Influencerin Paula Enzweiler verr\u00e4t ihre Tricks f\u00fcrs Laufen im Winter&amp;escapedquot;},&amp;escapedquot;id&amp;escapedquot;:&amp;escapedquot;15058047&amp;escapedquot;,&amp;escapedquot;type&amp;escapedquot;:&amp;escapedquot;story&amp;escapedquot;},&amp;escapedquot;isPartOfList&amp;escapedquot;:true,&amp;escapedquot;topicListType&amp;escapedquot;:&amp;escapedquot;topic-list&amp;escapedquot;},&amp;escapedquot;showArrow&amp;escapedquot;:true}\" data-hydrate-slots=\"{&#039;default&#039;:[]}\" class=\"tspBTll\" target=\"_blank\" rel=\"noopener\">\u201eMinusgrade sind ziemlich geil\u201c Running-Influencerin Paula Enzweiler verr\u00e4t ihre Tricks f\u00fcrs Laufen im Winter <\/a><a href=\"https:\/\/www.tagesspiegel.de\/sport\/fleissig-trainiert-und-trotzdem-fehlt-die-fitness-ein-ausgeklugelter-trainingsplan-allein-reicht-nicht-15041830.html?icid=topic-list_15065794___\" data-gtm-class=\"article-mzt-link\" data-hydrate-fingerprint=\"09740a54944caac75fd2c0c63fd5c5df\" data-hydrate-props=\"{&amp;escapedquot;element&amp;escapedquot;:{&amp;escapedquot;type&amp;escapedquot;:&amp;escapedquot;relatedContent&amp;escapedquot;,&amp;escapedquot;fieldMap&amp;escapedquot;:{},&amp;escapedquot;relation&amp;escapedquot;:{&amp;escapedquot;fields&amp;escapedquot;:{&amp;escapedquot;isPaid&amp;escapedquot;:true},&amp;escapedquot;href&amp;escapedquot;:&amp;escapedquot;\/sport\/fleissig-trainiert-und-trotzdem-fehlt-die-fitness-ein-ausgeklugelter-trainingsplan-allein-reicht-nicht-15041830.html&amp;escapedquot;,&amp;escapedquot;teaserTitle&amp;escapedquot;:{&amp;escapedquot;kicker&amp;escapedquot;:&amp;escapedquot;Warum Training allein nicht reicht&amp;escapedquot;,&amp;escapedquot;headline&amp;escapedquot;:&amp;escapedquot;Ich hielt mich an den Plan \u2013 und wurde trotzdem nicht fitter&amp;escapedquot;},&amp;escapedquot;id&amp;escapedquot;:&amp;escapedquot;15041830&amp;escapedquot;,&amp;escapedquot;type&amp;escapedquot;:&amp;escapedquot;story&amp;escapedquot;},&amp;escapedquot;isPartOfList&amp;escapedquot;:true,&amp;escapedquot;topicListType&amp;escapedquot;:&amp;escapedquot;topic-list&amp;escapedquot;},&amp;escapedquot;showArrow&amp;escapedquot;:true}\" data-hydrate-slots=\"{&#039;default&#039;:[]}\" class=\"tspBTll\" target=\"_blank\" rel=\"noopener\">Warum Training allein nicht reicht Ich hielt mich an den Plan \u2013 und wurde trotzdem nicht fitter <\/a><\/p>\n<p class=\"tspAGen\">Viele Pfiffe waren vom Spielfeldrand tats\u00e4chlich nur schwer nachvollziehbar: Allerdings fielen die 50:50-Entscheidungen in der ersten H\u00e4lfte \u00fcberwiegend zugunsten der Kieler aus, nach der Pause dann eher zugunsten der Berliner.\u00a0<\/p>\n<p class=\"tspAGen\">Auf der Pressekonferenz rang der 43-J\u00e4hrige sichtbar mit den Tr\u00e4nen und wirkte emotional v\u00f6llig am Ende. \u201eIch bin einfach zerst\u00f6rt. Ich habe \u00fcberhaupt keine Energie mehr, \u00fcber Schulze und T\u00f6nnies zu reden. Es ist etwas, was ich unfassbar lange verdauen werde\u201c, erkl\u00e4rte Jicha niedergeschlagen. (dpa)<\/p>\n","protected":false},"excerpt":{"rendered":"Die Handballer der F\u00fcchse Berlin haben im Pokal den Sprung in das Final Four in K\u00f6ln geschafft. Der&hellip;\n","protected":false},"author":2,"featured_media":658832,"comment_status":"","ping_status":"","sticky":false,"template":"","format":"standard","meta":{"footnotes":""},"categories":[1825],"tags":[296,29,1933,30,1420],"class_list":{"0":"post-658831","1":"post","2":"type-post","3":"status-publish","4":"format-standard","5":"has-post-thumbnail","7":"category-berlin","8":"tag-berlin","9":"tag-deutschland","10":"tag-fuechse-berlin","11":"tag-germany","12":"tag-koeln"},"share_on_mastodon":{"url":"https:\/\/pubeurope.com\/@de\/115749661286908636","error":""},"_links":{"self":[{"href":"https:\/\/www.europesays.com\/de\/wp-json\/wp\/v2\/posts\/658831","targetHints":{"allow":["GET"]}}],"collection":[{"href":"https:\/\/www.europesays.com\/de\/wp-json\/wp\/v2\/posts"}],"about":[{"href":"https:\/\/www.europesays.com\/de\/wp-json\/wp\/v2\/types\/post"}],"author":[{"embeddable":true,"href":"https:\/\/www.europesays.com\/de\/wp-json\/wp\/v2\/users\/2"}],"replies":[{"embeddable":true,"href":"https:\/\/www.europesays.com\/de\/wp-json\/wp\/v2\/comments?post=658831"}],"version-history":[{"count":0,"href":"https:\/\/www.europesays.com\/de\/wp-json\/wp\/v2\/posts\/658831\/revisions"}],"wp:featuredmedia":[{"embeddable":true,"href":"https:\/\/www.europesays.com\/de\/wp-json\/wp\/v2\/media\/658832"}],"wp:attachment":[{"href":"https:\/\/www.europesays.com\/de\/wp-json\/wp\/v2\/media?parent=658831"}],"wp:term":[{"taxonomy":"category","embeddable":true,"href":"https:\/\/www.europesays.com\/de\/wp-json\/wp\/v2\/categories?post=658831"},{"taxonomy":"post_tag","embeddable":true,"href":"https:\/\/www.europesays.com\/de\/wp-json\/wp\/v2\/tags?post=658831"}],"curies":[{"name":"wp","href":"https:\/\/api.w.org\/{rel}","templated":true}]}}