{"id":658839,"date":"2025-12-20T03:04:12","date_gmt":"2025-12-20T03:04:12","guid":{"rendered":"https:\/\/www.europesays.com\/de\/658839\/"},"modified":"2025-12-20T03:04:12","modified_gmt":"2025-12-20T03:04:12","slug":"ovag-variete-2026-erleben-sie-magische-momente-sonstiges","status":"publish","type":"post","link":"https:\/\/www.europesays.com\/de\/658839\/","title":{"rendered":"OVAG-Variet\u00e9 2026: Erleben Sie magische Momente! | Sonstiges"},"content":{"rendered":"<p>Erleben Sie die Welt des Variet\u00e9s wie nie zuvor! Das 22. Internationale OVAG-Variet\u00e9 im DOLCE Jugendstil-Theater in Bad Nauheim bietet ein Spektakel der Superlative mit 36 Artisten aus aller Welt. Atemberaubende Akrobatik, magische Momente und internationales Flair \u2013 das alles erwartet Sie am 23. Januar. <\/p>\n<p>Und das Beste: Mit BILDplus haben Sie die Chance, 5\u00d72 exklusive Freikarten inklusive Variet\u00e9-Buffet und einer Backstage-F\u00fchrung zu gewinnen. Sichern Sie sich jetzt Ihre Chance auf ein unvergessliches Erlebnis und abonnieren Sie BILDplus!<\/p>\n","protected":false},"excerpt":{"rendered":"Erleben Sie die Welt des Variet\u00e9s wie nie zuvor! Das 22. Internationale OVAG-Variet\u00e9 im DOLCE Jugendstil-Theater in Bad&hellip;\n","protected":false},"author":2,"featured_media":658840,"comment_status":"","ping_status":"","sticky":false,"template":"","format":"standard","meta":{"footnotes":""},"categories":[1773],"tags":[153999,153998,30296,136743,29,214,30,30294,471,1780,215],"class_list":{"0":"post-658839","1":"post","2":"type-post","3":"status-publish","4":"format-standard","5":"has-post-thumbnail","7":"category-serien","8":"tag-akrobat","9":"tag-akrobatin","10":"tag-aktuelle-gewinnspiele","11":"tag-bad-nauheim","12":"tag-deutschland","13":"tag-entertainment","14":"tag-germany","15":"tag-gewinnspiele","16":"tag-serien","17":"tag-series","18":"tag-unterhaltung"},"share_on_mastodon":{"url":"","error":""},"_links":{"self":[{"href":"https:\/\/www.europesays.com\/de\/wp-json\/wp\/v2\/posts\/658839","targetHints":{"allow":["GET"]}}],"collection":[{"href":"https:\/\/www.europesays.com\/de\/wp-json\/wp\/v2\/posts"}],"about":[{"href":"https:\/\/www.europesays.com\/de\/wp-json\/wp\/v2\/types\/post"}],"author":[{"embeddable":true,"href":"https:\/\/www.europesays.com\/de\/wp-json\/wp\/v2\/users\/2"}],"replies":[{"embeddable":true,"href":"https:\/\/www.europesays.com\/de\/wp-json\/wp\/v2\/comments?post=658839"}],"version-history":[{"count":0,"href":"https:\/\/www.europesays.com\/de\/wp-json\/wp\/v2\/posts\/658839\/revisions"}],"wp:featuredmedia":[{"embeddable":true,"href":"https:\/\/www.europesays.com\/de\/wp-json\/wp\/v2\/media\/658840"}],"wp:attachment":[{"href":"https:\/\/www.europesays.com\/de\/wp-json\/wp\/v2\/media?parent=658839"}],"wp:term":[{"taxonomy":"category","embeddable":true,"href":"https:\/\/www.europesays.com\/de\/wp-json\/wp\/v2\/categories?post=658839"},{"taxonomy":"post_tag","embeddable":true,"href":"https:\/\/www.europesays.com\/de\/wp-json\/wp\/v2\/tags?post=658839"}],"curies":[{"name":"wp","href":"https:\/\/api.w.org\/{rel}","templated":true}]}}