{"id":658841,"date":"2025-12-20T03:05:28","date_gmt":"2025-12-20T03:05:28","guid":{"rendered":"https:\/\/www.europesays.com\/de\/658841\/"},"modified":"2025-12-20T03:05:28","modified_gmt":"2025-12-20T03:05:28","slug":"4-ukw-frequenzen-in-berlin-und-brandenburg-neu-ausgeschrieben","status":"publish","type":"post","link":"https:\/\/www.europesays.com\/de\/658841\/","title":{"rendered":"4 UKW-Frequenzen in Berlin und Brandenburg neu ausgeschrieben"},"content":{"rendered":"<p><a href=\"https:\/\/www.radioszene.de\/wp-content\/uploads\/2023\/06\/mabb_fernsehturm-am-alexanderplatz-unsplash.png\" rel=\"nofollow noopener\" target=\"_blank\"><img fetchpriority=\"high\" decoding=\"async\" class=\"aligncenter wp-image-175758 size-large\" title=\"mabb mit Fernsehturm am Alexanderplatz Berlin (Bild: unsplash.com)\" src=\"https:\/\/www.europesays.com\/de\/wp-content\/uploads\/2025\/04\/mabb_fernsehturm-am-alexanderplatz-unsplash-750x393.png\" alt=\"mabb mit Fernsehturm am Alexanderplatz Berlin (Bild: unsplash.com)\" width=\"750\" height=\"393\"  \/><\/a><\/p>\n<p>Der Medienrat der mabb hat in seiner Dezember-Sitzung die Ausschreibung folgender UKW-Frequenzen f\u00fcr Berlin und Brandenburg beschlossen:<\/p>\n<ul>\n<li><strong>104,6 MHz<\/strong> am Standort Berlin-Alexanderplatz<\/li>\n<li><strong>88,0 MHz<\/strong> am Standort Finsterwalde<\/li>\n<li><strong>89,5 MHz<\/strong> am Standort Elsterwerda<\/li>\n<li><strong>102,1 MHz<\/strong> am Standort Potsdam<\/li>\n<\/ul>\n<p><img loading=\"lazy\" decoding=\"async\" class=\"alignright wp-image-178270\" title=\"104.6 RTL Logo 2023\" src=\"https:\/\/www.europesays.com\/de\/wp-content\/uploads\/2025\/12\/1046-RTL-fb-250x131.png\" alt=\"104.6 RTL Logo 2023\" width=\"200\" height=\"105\"  \/><\/p>\n<p>Die ausgeschriebenen Frequenzen in Berlin-Alexanderplatz, Finsterwalde und Elsterwerda werden derzeit von dem Programm <strong>104.6 RTL<\/strong> der RTL Radio Berlin GmbH genutzt. Die derzeit von RTL Radio genutzten Frequenzen wurden geb\u00fcndelt zugewiesen, um neben der Versorgung Berlins auch eine Versorgung Brandenburgs zu gew\u00e4hrleisten. Der Medienrat beabsichtigt, die vorgenannten Frequenzen wiederum geb\u00fcndelt zuzuweisen.<\/p>\n<p><img loading=\"lazy\" decoding=\"async\" class=\"alignright wp-image-19269\" title=\"POWER RADIO\" src=\"https:\/\/www.europesays.com\/de\/wp-content\/uploads\/2025\/12\/powerradio_small.png\" alt=\"POWER RADIO\" width=\"200\" height=\"80\"  \/>Die Frequenz mit Standort Potsdam ist aktuell dem Programm <strong>Power Radio<\/strong>\u00a0Power Radio GmbH zugewiesen. Antr\u00e4ge k\u00f6nnen bis zum 28. Januar 2026, 12:00 Uhr bei der mabb eingereicht werden. Die \u00a0sind hier zu finden.<\/p>\n<p><strong>Hintergrund der Ausschreibungen<\/strong><\/p>\n<p>Die Zuweisung der bisherigen Veranstalterinnen laufen aus, so dass nun auf Grundlage einer Ausschreibung zu entscheiden ist, wie die Frequenzen nach Ablauf der Zuweisungsdauer genutzt werden (siehe \u00a7 32b Abs. 2 S. 2 MStV BE-BB). Der mabb-Medienrat entscheidet \u00fcber die Vergabe der Frequenzen. Bei seiner Entscheidung wird das Gremium das Interesse der jetzigen Veranstalterin angemessen ber\u00fccksichtigen, das Rundfunkprogramm mit den von ihr geschaffenen personellen und sachlichen Mitteln weiterzuf\u00fchren (siehe \u00a7 32b Abs. 2 Satz 3 MStV BE-BB). Die Veranstalterinnen haben angek\u00fcndigt, am Vergabeverfahren teilnehmen zu wollen.<\/p>\n<p><strong>Link:<\/strong><br \/><a href=\"https:\/\/www.mabb.de\/regulierung\/ausschreibungen\" target=\"_blank\" rel=\"noopener nofollow\">Vollst\u00e4ndige Ausschreibungstexte<\/a><\/p>\n<p>\t\t\t\t\t<a href=\"https:\/\/www.radioszene.de\/tag\/104-6-rtl\" rel=\"tag nofollow noopener\" target=\"_blank\">104.6 RTL<\/a><a href=\"https:\/\/www.radioszene.de\/tag\/frequenzen\" rel=\"tag nofollow noopener\" target=\"_blank\">Frequenzen<\/a><a href=\"https:\/\/www.radioszene.de\/tag\/mabb\" rel=\"tag nofollow noopener\" target=\"_blank\">mabb<\/a><a href=\"https:\/\/www.radioszene.de\/tag\/power-radio\" rel=\"tag nofollow noopener\" target=\"_blank\">Power Radio<\/a><a href=\"https:\/\/www.radioszene.de\/tag\/ukw\" rel=\"tag nofollow noopener\" target=\"_blank\">UKW<\/a>\t\t\t\t<\/p>\n","protected":false},"excerpt":{"rendered":"Der Medienrat der mabb hat in seiner Dezember-Sitzung die Ausschreibung folgender UKW-Frequenzen f\u00fcr Berlin und Brandenburg beschlossen: 104,6&hellip;\n","protected":false},"author":2,"featured_media":658842,"comment_status":"","ping_status":"","sticky":false,"template":"","format":"standard","meta":{"footnotes":""},"categories":[1772],"tags":[29,214,30,1779,810,215],"class_list":{"0":"post-658841","1":"post","2":"type-post","3":"status-publish","4":"format-standard","5":"has-post-thumbnail","7":"category-musik","8":"tag-deutschland","9":"tag-entertainment","10":"tag-germany","11":"tag-music","12":"tag-musik","13":"tag-unterhaltung"},"share_on_mastodon":{"url":"https:\/\/pubeurope.com\/@de\/115749685738901730","error":""},"_links":{"self":[{"href":"https:\/\/www.europesays.com\/de\/wp-json\/wp\/v2\/posts\/658841","targetHints":{"allow":["GET"]}}],"collection":[{"href":"https:\/\/www.europesays.com\/de\/wp-json\/wp\/v2\/posts"}],"about":[{"href":"https:\/\/www.europesays.com\/de\/wp-json\/wp\/v2\/types\/post"}],"author":[{"embeddable":true,"href":"https:\/\/www.europesays.com\/de\/wp-json\/wp\/v2\/users\/2"}],"replies":[{"embeddable":true,"href":"https:\/\/www.europesays.com\/de\/wp-json\/wp\/v2\/comments?post=658841"}],"version-history":[{"count":0,"href":"https:\/\/www.europesays.com\/de\/wp-json\/wp\/v2\/posts\/658841\/revisions"}],"wp:featuredmedia":[{"embeddable":true,"href":"https:\/\/www.europesays.com\/de\/wp-json\/wp\/v2\/media\/658842"}],"wp:attachment":[{"href":"https:\/\/www.europesays.com\/de\/wp-json\/wp\/v2\/media?parent=658841"}],"wp:term":[{"taxonomy":"category","embeddable":true,"href":"https:\/\/www.europesays.com\/de\/wp-json\/wp\/v2\/categories?post=658841"},{"taxonomy":"post_tag","embeddable":true,"href":"https:\/\/www.europesays.com\/de\/wp-json\/wp\/v2\/tags?post=658841"}],"curies":[{"name":"wp","href":"https:\/\/api.w.org\/{rel}","templated":true}]}}